{"id":1033,"date":"2025-10-18T15:53:09","date_gmt":"2025-10-18T13:53:09","guid":{"rendered":"https:\/\/kurdischesfilmfestival.com\/?p=1033"},"modified":"2025-10-26T12:55:56","modified_gmt":"2025-10-26T11:55:56","slug":"my-uncle-jens","status":"publish","type":"post","link":"https:\/\/kurdischesfilmfestival.com\/index.php\/2025\/10\/18\/my-uncle-jens\/","title":{"rendered":"My Uncle Jens"},"content":{"rendered":"<p>My Uncle Jens 99 Min. von Brwa Vahabpour<br \/>\nNorwegisch, Kurdisch mit englischen Untertiteln<br \/>\nAm Donnerstag, 30. Oktober 2025<br \/>\nUm 20:00 Uhr<br \/>\nIm Filmhaus K\u00f6ln, Maybachstr. 111, 50670 K\u00f6ln<\/p>\n<p><span style=\"font-weight: 400;\">Bisher hat Akam ein bequemes Leben als Literaturlehrer in Oslo gef\u00fchrt. Das \u00e4ndert sich schlagartig, als pl\u00f6tzlich sein Onkel Khdr aus dem iranischen Teil Kurdistans vor seiner T\u00fcr steht und bei ihm einzieht. Die beiden M\u00e4nner geraten immer wieder aneinander &#8211; nicht zuletzt wegen ihrer kulturellen Unterschiede. Dann hat Akam einen schrecklichen Gedanken: Was, wenn Khdr gar nicht vorhat, wieder auszuziehen? <\/span><\/p>\n","protected":false},"excerpt":{"rendered":"<p>My Uncle Jens 99 Min. von Brwa Vahabpour Norwegisch, Kurdisch mit englischen Untertiteln Am Donnerstag, 30. Oktober 2025 Um 20:00 Uhr Im Filmhaus K\u00f6ln, Maybachstr. 111, 50670 K\u00f6ln Bisher hat Akam ein bequemes Leben als Literaturlehrer in Oslo gef\u00fchrt. Das \u00e4ndert sich schlagartig, als pl\u00f6tzlich sein Onkel Khdr aus dem iranischen Teil Kurdistans vor seiner [&hellip;]<\/p>\n","protected":false},"author":1,"featured_media":1034,"comment_status":"open","ping_status":"open","sticky":false,"template":"","format":"standard","meta":{"_et_pb_use_builder":"","_et_pb_old_content":"","_et_gb_content_width":"","footnotes":""},"categories":[35,14],"tags":[],"class_list":["post-1033","post","type-post","status-publish","format-standard","has-post-thumbnail","hentry","category-programm-2025","category-spielfilm"],"_links":{"self":[{"href":"https:\/\/kurdischesfilmfestival.com\/index.php\/wp-json\/wp\/v2\/posts\/1033","targetHints":{"allow":["GET"]}}],"collection":[{"href":"https:\/\/kurdischesfilmfestival.com\/index.php\/wp-json\/wp\/v2\/posts"}],"about":[{"href":"https:\/\/kurdischesfilmfestival.com\/index.php\/wp-json\/wp\/v2\/types\/post"}],"author":[{"embeddable":true,"href":"https:\/\/kurdischesfilmfestival.com\/index.php\/wp-json\/wp\/v2\/users\/1"}],"replies":[{"embeddable":true,"href":"https:\/\/kurdischesfilmfestival.com\/index.php\/wp-json\/wp\/v2\/comments?post=1033"}],"version-history":[{"count":4,"href":"https:\/\/kurdischesfilmfestival.com\/index.php\/wp-json\/wp\/v2\/posts\/1033\/revisions"}],"predecessor-version":[{"id":1390,"href":"https:\/\/kurdischesfilmfestival.com\/index.php\/wp-json\/wp\/v2\/posts\/1033\/revisions\/1390"}],"wp:featuredmedia":[{"embeddable":true,"href":"https:\/\/kurdischesfilmfestival.com\/index.php\/wp-json\/wp\/v2\/media\/1034"}],"wp:attachment":[{"href":"https:\/\/kurdischesfilmfestival.com\/index.php\/wp-json\/wp\/v2\/media?parent=1033"}],"wp:term":[{"taxonomy":"category","embeddable":true,"href":"https:\/\/kurdischesfilmfestival.com\/index.php\/wp-json\/wp\/v2\/categories?post=1033"},{"taxonomy":"post_tag","embeddable":true,"href":"https:\/\/kurdischesfilmfestival.com\/index.php\/wp-json\/wp\/v2\/tags?post=1033"}],"curies":[{"name":"wp","href":"https:\/\/api.w.org\/{rel}","templated":true}]}}