{"id":1040,"date":"2025-10-18T16:09:07","date_gmt":"2025-10-18T14:09:07","guid":{"rendered":"https:\/\/kurdischesfilmfestival.com\/?p=1040"},"modified":"2025-10-25T12:53:26","modified_gmt":"2025-10-25T10:53:26","slug":"anthem-below-the-oak-trees","status":"publish","type":"post","link":"https:\/\/kurdischesfilmfestival.com\/index.php\/2025\/10\/18\/anthem-below-the-oak-trees\/","title":{"rendered":"Anthem Below The Oak Trees"},"content":{"rendered":"<p>Anthem below the oak trees 23:42 Min. von Halgurd Salih Ali<br \/>\nKurdisch mit englischen Untertiteln<br \/>\nAm Freitag, 31. Oktober 2025<br \/>\nUm 16:00 Uhr<br \/>\nIm Filmhaus K\u00f6ln, Maybachstr. 111, 50670 K\u00f6ln<\/p>\n<p><span style=\"font-weight: 400;\">Hama Tal ist ein alter Peschmerga. Als junger Peschmerga kehrte er in sein Dorf zur\u00fcck, um einen S\u00f6ldner des Baath-Regimes zu t\u00f6ten. Doch Hama Tal wurde verraten, verhaftet und sp\u00e4ter nach S\u00fcdirak \u00fcberstellt. Nur Hama Tals Freund Shahab kennt das Geheimnis um seine Verhaftung. Hama Tal sucht nach diesem Geheimnis \u2013 doch Shahab stirbt an einer Krankheit, und so bleibt das Geheimnis f\u00fcr immer in Hama Tals Gedanken und Herzen verborgen.<\/span><\/p>\n","protected":false},"excerpt":{"rendered":"<p>Anthem below the oak trees 23:42 Min. von Halgurd Salih Ali Kurdisch mit englischen Untertiteln Am Freitag, 31. Oktober 2025 Um 16:00 Uhr Im Filmhaus K\u00f6ln, Maybachstr. 111, 50670 K\u00f6ln Hama Tal ist ein alter Peschmerga. Als junger Peschmerga kehrte er in sein Dorf zur\u00fcck, um einen S\u00f6ldner des Baath-Regimes zu t\u00f6ten. Doch Hama Tal [&hellip;]<\/p>\n","protected":false},"author":1,"featured_media":1041,"comment_status":"open","ping_status":"open","sticky":false,"template":"","format":"standard","meta":{"_et_pb_use_builder":"","_et_pb_old_content":"","_et_gb_content_width":"","footnotes":""},"categories":[30,16,13],"tags":[],"class_list":["post-1040","post","type-post","status-publish","format-standard","has-post-thumbnail","hentry","category-freitag","category-kurzfilm","category-programm"],"_links":{"self":[{"href":"https:\/\/kurdischesfilmfestival.com\/index.php\/wp-json\/wp\/v2\/posts\/1040","targetHints":{"allow":["GET"]}}],"collection":[{"href":"https:\/\/kurdischesfilmfestival.com\/index.php\/wp-json\/wp\/v2\/posts"}],"about":[{"href":"https:\/\/kurdischesfilmfestival.com\/index.php\/wp-json\/wp\/v2\/types\/post"}],"author":[{"embeddable":true,"href":"https:\/\/kurdischesfilmfestival.com\/index.php\/wp-json\/wp\/v2\/users\/1"}],"replies":[{"embeddable":true,"href":"https:\/\/kurdischesfilmfestival.com\/index.php\/wp-json\/wp\/v2\/comments?post=1040"}],"version-history":[{"count":4,"href":"https:\/\/kurdischesfilmfestival.com\/index.php\/wp-json\/wp\/v2\/posts\/1040\/revisions"}],"predecessor-version":[{"id":1335,"href":"https:\/\/kurdischesfilmfestival.com\/index.php\/wp-json\/wp\/v2\/posts\/1040\/revisions\/1335"}],"wp:featuredmedia":[{"embeddable":true,"href":"https:\/\/kurdischesfilmfestival.com\/index.php\/wp-json\/wp\/v2\/media\/1041"}],"wp:attachment":[{"href":"https:\/\/kurdischesfilmfestival.com\/index.php\/wp-json\/wp\/v2\/media?parent=1040"}],"wp:term":[{"taxonomy":"category","embeddable":true,"href":"https:\/\/kurdischesfilmfestival.com\/index.php\/wp-json\/wp\/v2\/categories?post=1040"},{"taxonomy":"post_tag","embeddable":true,"href":"https:\/\/kurdischesfilmfestival.com\/index.php\/wp-json\/wp\/v2\/tags?post=1040"}],"curies":[{"name":"wp","href":"https:\/\/api.w.org\/{rel}","templated":true}]}}