{"id":1043,"date":"2025-10-18T16:11:21","date_gmt":"2025-10-18T14:11:21","guid":{"rendered":"https:\/\/kurdischesfilmfestival.com\/?p=1043"},"modified":"2025-10-25T12:55:14","modified_gmt":"2025-10-25T10:55:14","slug":"what-happened","status":"publish","type":"post","link":"https:\/\/kurdischesfilmfestival.com\/index.php\/2025\/10\/18\/what-happened\/","title":{"rendered":"What Happened?"},"content":{"rendered":"<p>What Happened? 9:56 Min. von Rebar Rabar Mawlood<br \/>\nKurdisch mit englischen Untertiteln<br \/>\nAm Freitag, 31. Oktober 2025<br \/>\nUm 16:00 Uhr<br \/>\nIm Filmhaus K\u00f6ln, Maybachstr. 111, 50670 K\u00f6ln<\/p>\n<p><span style=\"font-weight: 400;\">Nachdem ein junger Mann seine Freundin get\u00f6tet hat, wird ihm bewusst, dass er an einer schweren Krankheit leidet. <\/span><\/p>\n","protected":false},"excerpt":{"rendered":"<p>What Happened? 9:56 Min. von Rebar Rabar Mawlood Kurdisch mit englischen Untertiteln Am Freitag, 31. Oktober 2025 Um 16:00 Uhr Im Filmhaus K\u00f6ln, Maybachstr. 111, 50670 K\u00f6ln Nachdem ein junger Mann seine Freundin get\u00f6tet hat, wird ihm bewusst, dass er an einer schweren Krankheit leidet.<\/p>\n","protected":false},"author":1,"featured_media":1044,"comment_status":"open","ping_status":"open","sticky":false,"template":"","format":"standard","meta":{"_et_pb_use_builder":"","_et_pb_old_content":"","_et_gb_content_width":"","footnotes":""},"categories":[30,16,13],"tags":[],"class_list":["post-1043","post","type-post","status-publish","format-standard","has-post-thumbnail","hentry","category-freitag","category-kurzfilm","category-programm"],"_links":{"self":[{"href":"https:\/\/kurdischesfilmfestival.com\/index.php\/wp-json\/wp\/v2\/posts\/1043","targetHints":{"allow":["GET"]}}],"collection":[{"href":"https:\/\/kurdischesfilmfestival.com\/index.php\/wp-json\/wp\/v2\/posts"}],"about":[{"href":"https:\/\/kurdischesfilmfestival.com\/index.php\/wp-json\/wp\/v2\/types\/post"}],"author":[{"embeddable":true,"href":"https:\/\/kurdischesfilmfestival.com\/index.php\/wp-json\/wp\/v2\/users\/1"}],"replies":[{"embeddable":true,"href":"https:\/\/kurdischesfilmfestival.com\/index.php\/wp-json\/wp\/v2\/comments?post=1043"}],"version-history":[{"count":2,"href":"https:\/\/kurdischesfilmfestival.com\/index.php\/wp-json\/wp\/v2\/posts\/1043\/revisions"}],"predecessor-version":[{"id":1336,"href":"https:\/\/kurdischesfilmfestival.com\/index.php\/wp-json\/wp\/v2\/posts\/1043\/revisions\/1336"}],"wp:featuredmedia":[{"embeddable":true,"href":"https:\/\/kurdischesfilmfestival.com\/index.php\/wp-json\/wp\/v2\/media\/1044"}],"wp:attachment":[{"href":"https:\/\/kurdischesfilmfestival.com\/index.php\/wp-json\/wp\/v2\/media?parent=1043"}],"wp:term":[{"taxonomy":"category","embeddable":true,"href":"https:\/\/kurdischesfilmfestival.com\/index.php\/wp-json\/wp\/v2\/categories?post=1043"},{"taxonomy":"post_tag","embeddable":true,"href":"https:\/\/kurdischesfilmfestival.com\/index.php\/wp-json\/wp\/v2\/tags?post=1043"}],"curies":[{"name":"wp","href":"https:\/\/api.w.org\/{rel}","templated":true}]}}