{"id":1049,"date":"2025-10-18T16:14:44","date_gmt":"2025-10-18T14:14:44","guid":{"rendered":"https:\/\/kurdischesfilmfestival.com\/?p=1049"},"modified":"2025-10-25T12:57:29","modified_gmt":"2025-10-25T10:57:29","slug":"rivers-do-not-return","status":"publish","type":"post","link":"https:\/\/kurdischesfilmfestival.com\/index.php\/2025\/10\/18\/rivers-do-not-return\/","title":{"rendered":"Rivers Do Not Return"},"content":{"rendered":"<p>Rivers do not return 21:52 Min. von Omid Shakaryazi<br \/>\nKurdisch mit englischen Untertiteln<br \/>\nAm Freitag, 31. Oktober 2025<br \/>\nUm 16:00 Uhr<br \/>\nIm Filmhaus K\u00f6ln, Maybachstr. 111, 50670 K\u00f6ln<\/p>\n<p><span style=\"font-weight: 400;\">L\u00e4ndliche Familien, die vom Fischfang leben, sehen sich pl\u00f6tzlich mit einer existenziellen Bedrohung konfrontiert: Als Abw\u00e4sser einer Fabrik in den Fluss gelangen, kippt das \u00d6kosystem \u2013 das Wasser wird vergiftet, die Fische sterben. Die ausbleibende Hilfe zwingt viele Bewohner zur Flucht. Besonders die Kinder leiden unter den Folgen dieser erzwungenen Migration.<\/span><\/p>\n","protected":false},"excerpt":{"rendered":"<p>Rivers do not return 21:52 Min. von Omid Shakaryazi Kurdisch mit englischen Untertiteln Am Freitag, 31. Oktober 2025 Um 16:00 Uhr Im Filmhaus K\u00f6ln, Maybachstr. 111, 50670 K\u00f6ln L\u00e4ndliche Familien, die vom Fischfang leben, sehen sich pl\u00f6tzlich mit einer existenziellen Bedrohung konfrontiert: Als Abw\u00e4sser einer Fabrik in den Fluss gelangen, kippt das \u00d6kosystem \u2013 das [&hellip;]<\/p>\n","protected":false},"author":1,"featured_media":1050,"comment_status":"open","ping_status":"open","sticky":false,"template":"","format":"standard","meta":{"_et_pb_use_builder":"","_et_pb_old_content":"","_et_gb_content_width":"","footnotes":""},"categories":[30,16,13],"tags":[],"class_list":["post-1049","post","type-post","status-publish","format-standard","has-post-thumbnail","hentry","category-freitag","category-kurzfilm","category-programm"],"_links":{"self":[{"href":"https:\/\/kurdischesfilmfestival.com\/index.php\/wp-json\/wp\/v2\/posts\/1049","targetHints":{"allow":["GET"]}}],"collection":[{"href":"https:\/\/kurdischesfilmfestival.com\/index.php\/wp-json\/wp\/v2\/posts"}],"about":[{"href":"https:\/\/kurdischesfilmfestival.com\/index.php\/wp-json\/wp\/v2\/types\/post"}],"author":[{"embeddable":true,"href":"https:\/\/kurdischesfilmfestival.com\/index.php\/wp-json\/wp\/v2\/users\/1"}],"replies":[{"embeddable":true,"href":"https:\/\/kurdischesfilmfestival.com\/index.php\/wp-json\/wp\/v2\/comments?post=1049"}],"version-history":[{"count":2,"href":"https:\/\/kurdischesfilmfestival.com\/index.php\/wp-json\/wp\/v2\/posts\/1049\/revisions"}],"predecessor-version":[{"id":1338,"href":"https:\/\/kurdischesfilmfestival.com\/index.php\/wp-json\/wp\/v2\/posts\/1049\/revisions\/1338"}],"wp:featuredmedia":[{"embeddable":true,"href":"https:\/\/kurdischesfilmfestival.com\/index.php\/wp-json\/wp\/v2\/media\/1050"}],"wp:attachment":[{"href":"https:\/\/kurdischesfilmfestival.com\/index.php\/wp-json\/wp\/v2\/media?parent=1049"}],"wp:term":[{"taxonomy":"category","embeddable":true,"href":"https:\/\/kurdischesfilmfestival.com\/index.php\/wp-json\/wp\/v2\/categories?post=1049"},{"taxonomy":"post_tag","embeddable":true,"href":"https:\/\/kurdischesfilmfestival.com\/index.php\/wp-json\/wp\/v2\/tags?post=1049"}],"curies":[{"name":"wp","href":"https:\/\/api.w.org\/{rel}","templated":true}]}}