{"id":1052,"date":"2025-10-18T16:15:57","date_gmt":"2025-10-18T14:15:57","guid":{"rendered":"https:\/\/kurdischesfilmfestival.com\/?p=1052"},"modified":"2025-10-25T12:58:02","modified_gmt":"2025-10-25T10:58:02","slug":"a-house-near-the-sun","status":"publish","type":"post","link":"https:\/\/kurdischesfilmfestival.com\/index.php\/2025\/10\/18\/a-house-near-the-sun\/","title":{"rendered":"A House Near The Sun"},"content":{"rendered":"<p>A House Near The Sun 10:55 Min. von Maryam Samadi<br \/>\nKurdisch mit englischen Untertiteln<br \/>\nAm Freitag, 31. Oktober 2025<br \/>\nUm 16:00 Uhr<br \/>\nIm Filmhaus K\u00f6ln, Maybachstr. 111, 50670 K\u00f6ln<\/p>\n<p><span style=\"font-weight: 400;\">In der Stadt Kobani (Rojava Kurdistan) will ein Schneider sein Haus und seine Schneiderei nach den Angriffen des IS nicht verlassen. Er hofft, dass seine Kunden zur\u00fcckkehren werden und spricht immer mit den Personen, die sich im verschlossenen Raum befinden, bis er eines Tages beschlie\u00dft, besonderes Essen f\u00fcr sie zuzubereiten und nach drau\u00dfen geht, um Essen zu kaufen. Als er zur\u00fcckkommt, stellt er fest, dass jemand sein Haus betreten und alles durcheinander gebracht hat. Er entscheidet sich, die Wand des Raumes zu zerst\u00f6ren und somit seiner Tochter und seiner Frau Sonnenlicht zu geben. <\/span><\/p>\n","protected":false},"excerpt":{"rendered":"<p>A House Near The Sun 10:55 Min. von Maryam Samadi Kurdisch mit englischen Untertiteln Am Freitag, 31. Oktober 2025 Um 16:00 Uhr Im Filmhaus K\u00f6ln, Maybachstr. 111, 50670 K\u00f6ln In der Stadt Kobani (Rojava Kurdistan) will ein Schneider sein Haus und seine Schneiderei nach den Angriffen des IS nicht verlassen. Er hofft, dass seine Kunden [&hellip;]<\/p>\n","protected":false},"author":1,"featured_media":1053,"comment_status":"open","ping_status":"open","sticky":false,"template":"","format":"standard","meta":{"_et_pb_use_builder":"","_et_pb_old_content":"","_et_gb_content_width":"","footnotes":""},"categories":[30,16,13],"tags":[],"class_list":["post-1052","post","type-post","status-publish","format-standard","has-post-thumbnail","hentry","category-freitag","category-kurzfilm","category-programm"],"_links":{"self":[{"href":"https:\/\/kurdischesfilmfestival.com\/index.php\/wp-json\/wp\/v2\/posts\/1052","targetHints":{"allow":["GET"]}}],"collection":[{"href":"https:\/\/kurdischesfilmfestival.com\/index.php\/wp-json\/wp\/v2\/posts"}],"about":[{"href":"https:\/\/kurdischesfilmfestival.com\/index.php\/wp-json\/wp\/v2\/types\/post"}],"author":[{"embeddable":true,"href":"https:\/\/kurdischesfilmfestival.com\/index.php\/wp-json\/wp\/v2\/users\/1"}],"replies":[{"embeddable":true,"href":"https:\/\/kurdischesfilmfestival.com\/index.php\/wp-json\/wp\/v2\/comments?post=1052"}],"version-history":[{"count":2,"href":"https:\/\/kurdischesfilmfestival.com\/index.php\/wp-json\/wp\/v2\/posts\/1052\/revisions"}],"predecessor-version":[{"id":1339,"href":"https:\/\/kurdischesfilmfestival.com\/index.php\/wp-json\/wp\/v2\/posts\/1052\/revisions\/1339"}],"wp:featuredmedia":[{"embeddable":true,"href":"https:\/\/kurdischesfilmfestival.com\/index.php\/wp-json\/wp\/v2\/media\/1053"}],"wp:attachment":[{"href":"https:\/\/kurdischesfilmfestival.com\/index.php\/wp-json\/wp\/v2\/media?parent=1052"}],"wp:term":[{"taxonomy":"category","embeddable":true,"href":"https:\/\/kurdischesfilmfestival.com\/index.php\/wp-json\/wp\/v2\/categories?post=1052"},{"taxonomy":"post_tag","embeddable":true,"href":"https:\/\/kurdischesfilmfestival.com\/index.php\/wp-json\/wp\/v2\/tags?post=1052"}],"curies":[{"name":"wp","href":"https:\/\/api.w.org\/{rel}","templated":true}]}}