{"id":1055,"date":"2025-10-18T16:18:03","date_gmt":"2025-10-18T14:18:03","guid":{"rendered":"https:\/\/kurdischesfilmfestival.com\/?p=1055"},"modified":"2025-10-25T12:59:48","modified_gmt":"2025-10-25T10:59:48","slug":"sidik-and-the-panther","status":"publish","type":"post","link":"https:\/\/kurdischesfilmfestival.com\/index.php\/2025\/10\/18\/sidik-and-the-panther\/","title":{"rendered":"Sidik and the Panther"},"content":{"rendered":"<p>Sidik and the Panther 88 Min. von Reber Dosky<br \/>\nKurdisch mit englischen Untertiteln<br \/>\nAm Freitag, 31. Oktober 2025<br \/>\nUm 18:00 Uhr<br \/>\nIm Filmhaus K\u00f6ln, Maybachstr. 111, 50670 K\u00f6ln<\/p>\n<p><span style=\"font-weight: 400;\">Sidik Barzani durchstreift seit \u00fcber 25 Jahren die entlegenen Berge im kurdischen Nordirak auf der Suche nach dem persischen Leoparden. F\u00fcr ihn ist der Fund mehr als nur ein Beweis f\u00fcr die Existenz des Tiers: Er hofft, dass darauf der Schutz des Gebietes als Nationalpark resultiert &#8211; mit dem Ziel, dass die Bombardements und Gewalt in seiner Heimat endlich enden. <\/span><\/p>\n","protected":false},"excerpt":{"rendered":"<p>Sidik and the Panther 88 Min. von Reber Dosky Kurdisch mit englischen Untertiteln Am Freitag, 31. Oktober 2025 Um 18:00 Uhr Im Filmhaus K\u00f6ln, Maybachstr. 111, 50670 K\u00f6ln Sidik Barzani durchstreift seit \u00fcber 25 Jahren die entlegenen Berge im kurdischen Nordirak auf der Suche nach dem persischen Leoparden. F\u00fcr ihn ist der Fund mehr als [&hellip;]<\/p>\n","protected":false},"author":1,"featured_media":1056,"comment_status":"open","ping_status":"open","sticky":false,"template":"","format":"standard","meta":{"_et_pb_use_builder":"","_et_pb_old_content":"","_et_gb_content_width":"","footnotes":""},"categories":[17,13],"tags":[],"class_list":["post-1055","post","type-post","status-publish","format-standard","has-post-thumbnail","hentry","category-dokumentarfilm","category-programm"],"_links":{"self":[{"href":"https:\/\/kurdischesfilmfestival.com\/index.php\/wp-json\/wp\/v2\/posts\/1055","targetHints":{"allow":["GET"]}}],"collection":[{"href":"https:\/\/kurdischesfilmfestival.com\/index.php\/wp-json\/wp\/v2\/posts"}],"about":[{"href":"https:\/\/kurdischesfilmfestival.com\/index.php\/wp-json\/wp\/v2\/types\/post"}],"author":[{"embeddable":true,"href":"https:\/\/kurdischesfilmfestival.com\/index.php\/wp-json\/wp\/v2\/users\/1"}],"replies":[{"embeddable":true,"href":"https:\/\/kurdischesfilmfestival.com\/index.php\/wp-json\/wp\/v2\/comments?post=1055"}],"version-history":[{"count":2,"href":"https:\/\/kurdischesfilmfestival.com\/index.php\/wp-json\/wp\/v2\/posts\/1055\/revisions"}],"predecessor-version":[{"id":1340,"href":"https:\/\/kurdischesfilmfestival.com\/index.php\/wp-json\/wp\/v2\/posts\/1055\/revisions\/1340"}],"wp:featuredmedia":[{"embeddable":true,"href":"https:\/\/kurdischesfilmfestival.com\/index.php\/wp-json\/wp\/v2\/media\/1056"}],"wp:attachment":[{"href":"https:\/\/kurdischesfilmfestival.com\/index.php\/wp-json\/wp\/v2\/media?parent=1055"}],"wp:term":[{"taxonomy":"category","embeddable":true,"href":"https:\/\/kurdischesfilmfestival.com\/index.php\/wp-json\/wp\/v2\/categories?post=1055"},{"taxonomy":"post_tag","embeddable":true,"href":"https:\/\/kurdischesfilmfestival.com\/index.php\/wp-json\/wp\/v2\/tags?post=1055"}],"curies":[{"name":"wp","href":"https:\/\/api.w.org\/{rel}","templated":true}]}}