{"id":1058,"date":"2025-10-18T16:20:25","date_gmt":"2025-10-18T14:20:25","guid":{"rendered":"https:\/\/kurdischesfilmfestival.com\/?p=1058"},"modified":"2025-10-25T13:03:29","modified_gmt":"2025-10-25T11:03:29","slug":"the-virgin-and-the-child","status":"publish","type":"post","link":"https:\/\/kurdischesfilmfestival.com\/index.php\/2025\/10\/18\/the-virgin-and-the-child\/","title":{"rendered":"The Virgin and the Child"},"content":{"rendered":"<p>The Virgin and Child 80 Min. von Binev\u015fa Berivan<br \/>\nKurdisch, Franz\u00f6sisch, Arabisch, Englisch mit englischen Untertiteln<br \/>\nAm Freitag, 31. Oktober 2025<br \/>\nUm 20:30 Uhr<br \/>\nIm Filmhaus K\u00f6ln, Maybachstr. 111, 50670 K\u00f6ln<\/p>\n<p><span style=\"font-weight: 400;\">Avesta, eine junge kurdisch-jesidische Frau und \u00dcberlebende des IS, landet in Br\u00fcssel, um Rache an dem Mann zu nehmen, der sie versklavt hat. Zwischen dem Kampf um Gerechtigkeit, der sie mit ihren dunkelsten Stunden konfrontiert und der Aufgabe, ein ungewolltes Kind zu versorgen, k\u00e4mpft Avesta darum, geh\u00f6rt zu werden \u2013 um jeden Preis.<\/span><\/p>\n","protected":false},"excerpt":{"rendered":"<p>The Virgin and Child 80 Min. von Binev\u015fa Berivan Kurdisch, Franz\u00f6sisch, Arabisch, Englisch mit englischen Untertiteln Am Freitag, 31. Oktober 2025 Um 20:30 Uhr Im Filmhaus K\u00f6ln, Maybachstr. 111, 50670 K\u00f6ln Avesta, eine junge kurdisch-jesidische Frau und \u00dcberlebende des IS, landet in Br\u00fcssel, um Rache an dem Mann zu nehmen, der sie versklavt hat. Zwischen [&hellip;]<\/p>\n","protected":false},"author":1,"featured_media":1059,"comment_status":"open","ping_status":"open","sticky":false,"template":"","format":"standard","meta":{"_et_pb_use_builder":"","_et_pb_old_content":"","_et_gb_content_width":"","footnotes":""},"categories":[13,14],"tags":[],"class_list":["post-1058","post","type-post","status-publish","format-standard","has-post-thumbnail","hentry","category-programm","category-spielfilm"],"_links":{"self":[{"href":"https:\/\/kurdischesfilmfestival.com\/index.php\/wp-json\/wp\/v2\/posts\/1058","targetHints":{"allow":["GET"]}}],"collection":[{"href":"https:\/\/kurdischesfilmfestival.com\/index.php\/wp-json\/wp\/v2\/posts"}],"about":[{"href":"https:\/\/kurdischesfilmfestival.com\/index.php\/wp-json\/wp\/v2\/types\/post"}],"author":[{"embeddable":true,"href":"https:\/\/kurdischesfilmfestival.com\/index.php\/wp-json\/wp\/v2\/users\/1"}],"replies":[{"embeddable":true,"href":"https:\/\/kurdischesfilmfestival.com\/index.php\/wp-json\/wp\/v2\/comments?post=1058"}],"version-history":[{"count":4,"href":"https:\/\/kurdischesfilmfestival.com\/index.php\/wp-json\/wp\/v2\/posts\/1058\/revisions"}],"predecessor-version":[{"id":1343,"href":"https:\/\/kurdischesfilmfestival.com\/index.php\/wp-json\/wp\/v2\/posts\/1058\/revisions\/1343"}],"wp:featuredmedia":[{"embeddable":true,"href":"https:\/\/kurdischesfilmfestival.com\/index.php\/wp-json\/wp\/v2\/media\/1059"}],"wp:attachment":[{"href":"https:\/\/kurdischesfilmfestival.com\/index.php\/wp-json\/wp\/v2\/media?parent=1058"}],"wp:term":[{"taxonomy":"category","embeddable":true,"href":"https:\/\/kurdischesfilmfestival.com\/index.php\/wp-json\/wp\/v2\/categories?post=1058"},{"taxonomy":"post_tag","embeddable":true,"href":"https:\/\/kurdischesfilmfestival.com\/index.php\/wp-json\/wp\/v2\/tags?post=1058"}],"curies":[{"name":"wp","href":"https:\/\/api.w.org\/{rel}","templated":true}]}}