{"id":1068,"date":"2025-10-18T16:42:52","date_gmt":"2025-10-18T14:42:52","guid":{"rendered":"https:\/\/kurdischesfilmfestival.com\/?p=1068"},"modified":"2025-10-25T13:18:32","modified_gmt":"2025-10-25T11:18:32","slug":"masterclass-mit-shahram-alidi","status":"publish","type":"post","link":"https:\/\/kurdischesfilmfestival.com\/index.php\/2025\/10\/18\/masterclass-mit-shahram-alidi\/","title":{"rendered":"Masterclass mit Shahram Alidi"},"content":{"rendered":"<p>Masterclass mit Shahram Alidi<br \/>\nEnglisch mit deutscher \u00dcbersetzung<br \/>\nAm Samstag, 1. November 2025<br \/>\nUm 18:30 Uhr<br \/>\nIm Filmhaus K\u00f6ln, Maybachstr. 111, 50670 K\u00f6ln<\/p>\n<p><span style=\"font-weight: 400;\">In seiner Masterclass spricht Shahram Alidi \u00fcber die Herausforderungen und M\u00f6glichkeiten des kurdischen Filmemachens \u2013 von der ersten Idee bis zur Realisierung eines Films.<\/span><\/p>\n<p><span style=\"font-weight: 400;\">Ein besonderer Schwerpunkt liegt auf dem Einfluss der Nouvelle Vague auf das kurdische Kino und der Entwicklung einer neuen Generation von Filmschaffenden, die oft als kurdische Nouvelle Vague bezeichnet wird.<\/span><\/p>\n<p><span style=\"font-weight: 400;\">Alidi beleuchtet, wie kulturelle Identit\u00e4t, Sprache und politische Realit\u00e4t den kreativen Prozess pr\u00e4gen, und wie das kurdische Kino \u2013 insbesondere in der Diaspora \u2013 zwischen k\u00fcnstlerischem Ausdruck und gesellschaftlichem Engagement seinen Weg findet.<\/span><\/p>\n<p><span style=\"font-weight: 400;\">Als einer der bedeutendsten kurdischen Regisseure seiner Generation ist Shahram Alidi bekannt f\u00fcr seine poetische Filmsprache und seine tief verwurzelten Geschichten \u00fcber Menschlichkeit, Erinnerung und Widerstand.<\/span><\/p>\n","protected":false},"excerpt":{"rendered":"<p>Masterclass mit Shahram Alidi Englisch mit deutscher \u00dcbersetzung Am Samstag, 1. November 2025 Um 18:30 Uhr Im Filmhaus K\u00f6ln, Maybachstr. 111, 50670 K\u00f6ln In seiner Masterclass spricht Shahram Alidi \u00fcber die Herausforderungen und M\u00f6glichkeiten des kurdischen Filmemachens \u2013 von der ersten Idee bis zur Realisierung eines Films. Ein besonderer Schwerpunkt liegt auf dem Einfluss der [&hellip;]<\/p>\n","protected":false},"author":1,"featured_media":1069,"comment_status":"open","ping_status":"open","sticky":false,"template":"","format":"standard","meta":{"_et_pb_use_builder":"","_et_pb_old_content":"","_et_gb_content_width":"","footnotes":""},"categories":[13],"tags":[],"class_list":["post-1068","post","type-post","status-publish","format-standard","has-post-thumbnail","hentry","category-programm"],"_links":{"self":[{"href":"https:\/\/kurdischesfilmfestival.com\/index.php\/wp-json\/wp\/v2\/posts\/1068","targetHints":{"allow":["GET"]}}],"collection":[{"href":"https:\/\/kurdischesfilmfestival.com\/index.php\/wp-json\/wp\/v2\/posts"}],"about":[{"href":"https:\/\/kurdischesfilmfestival.com\/index.php\/wp-json\/wp\/v2\/types\/post"}],"author":[{"embeddable":true,"href":"https:\/\/kurdischesfilmfestival.com\/index.php\/wp-json\/wp\/v2\/users\/1"}],"replies":[{"embeddable":true,"href":"https:\/\/kurdischesfilmfestival.com\/index.php\/wp-json\/wp\/v2\/comments?post=1068"}],"version-history":[{"count":2,"href":"https:\/\/kurdischesfilmfestival.com\/index.php\/wp-json\/wp\/v2\/posts\/1068\/revisions"}],"predecessor-version":[{"id":1344,"href":"https:\/\/kurdischesfilmfestival.com\/index.php\/wp-json\/wp\/v2\/posts\/1068\/revisions\/1344"}],"wp:featuredmedia":[{"embeddable":true,"href":"https:\/\/kurdischesfilmfestival.com\/index.php\/wp-json\/wp\/v2\/media\/1069"}],"wp:attachment":[{"href":"https:\/\/kurdischesfilmfestival.com\/index.php\/wp-json\/wp\/v2\/media?parent=1068"}],"wp:term":[{"taxonomy":"category","embeddable":true,"href":"https:\/\/kurdischesfilmfestival.com\/index.php\/wp-json\/wp\/v2\/categories?post=1068"},{"taxonomy":"post_tag","embeddable":true,"href":"https:\/\/kurdischesfilmfestival.com\/index.php\/wp-json\/wp\/v2\/tags?post=1068"}],"curies":[{"name":"wp","href":"https:\/\/api.w.org\/{rel}","templated":true}]}}