{"id":1073,"date":"2025-10-18T16:46:03","date_gmt":"2025-10-18T14:46:03","guid":{"rendered":"https:\/\/kurdischesfilmfestival.com\/?p=1073"},"modified":"2025-10-25T13:19:01","modified_gmt":"2025-10-25T11:19:01","slug":"black-horse-memories","status":"publish","type":"post","link":"https:\/\/kurdischesfilmfestival.com\/index.php\/2025\/10\/18\/black-horse-memories\/","title":{"rendered":"Black Horse Memories"},"content":{"rendered":"<p>Black Horse Memories 90 Min. von Shahram Alidi<br \/>\nKurdisch, T\u00fcrkisch mit englischen Untertiteln<br \/>\nAm Samstag, 1. November 2025<br \/>\nUm 20:30 Uhr<br \/>\nIm Filmhaus K\u00f6ln, Maybachstr. 111, 50670 K\u00f6ln<\/p>\n<p><span style=\"font-weight: 400;\">In <\/span><i><span style=\"font-weight: 400;\">Black Horse Memories<\/span><\/i><span style=\"font-weight: 400;\"> engagiert sich eine Gruppe junger Menschen in der t\u00fcrkisch-kurdischen Region, wo das Lehren der kurdischen Sprache verboten ist. Sie betreiben heimlichen Schulunterricht, drucken versteckte Schulb\u00fccher und verteilen sie im Untergrund. Das Verbot birgt gro\u00dfe Gefahren \u2013 sowohl juristisch als auch emotional. Die Aktivist*innen k\u00e4mpfen nicht nur gegen \u00e4u\u00dfere Repression, sondern auch mit den inneren Konflikten, Verlusten und Sehns\u00fcchten, die mit dem Leben im Schatten eines kulturellen Schweigens verbunden sind. Ein eindringliches Portrait von Widerstand, Identit\u00e4t und dem Wunsch, die eigene Sprache und Kultur lebendig zu halten.<\/span><\/p>\n","protected":false},"excerpt":{"rendered":"<p>Black Horse Memories 90 Min. von Shahram Alidi Kurdisch, T\u00fcrkisch mit englischen Untertiteln Am Samstag, 1. November 2025 Um 20:30 Uhr Im Filmhaus K\u00f6ln, Maybachstr. 111, 50670 K\u00f6ln In Black Horse Memories engagiert sich eine Gruppe junger Menschen in der t\u00fcrkisch-kurdischen Region, wo das Lehren der kurdischen Sprache verboten ist. Sie betreiben heimlichen Schulunterricht, drucken [&hellip;]<\/p>\n","protected":false},"author":1,"featured_media":1074,"comment_status":"open","ping_status":"open","sticky":false,"template":"","format":"standard","meta":{"_et_pb_use_builder":"","_et_pb_old_content":"","_et_gb_content_width":"","footnotes":""},"categories":[13,14],"tags":[],"class_list":["post-1073","post","type-post","status-publish","format-standard","has-post-thumbnail","hentry","category-programm","category-spielfilm"],"_links":{"self":[{"href":"https:\/\/kurdischesfilmfestival.com\/index.php\/wp-json\/wp\/v2\/posts\/1073","targetHints":{"allow":["GET"]}}],"collection":[{"href":"https:\/\/kurdischesfilmfestival.com\/index.php\/wp-json\/wp\/v2\/posts"}],"about":[{"href":"https:\/\/kurdischesfilmfestival.com\/index.php\/wp-json\/wp\/v2\/types\/post"}],"author":[{"embeddable":true,"href":"https:\/\/kurdischesfilmfestival.com\/index.php\/wp-json\/wp\/v2\/users\/1"}],"replies":[{"embeddable":true,"href":"https:\/\/kurdischesfilmfestival.com\/index.php\/wp-json\/wp\/v2\/comments?post=1073"}],"version-history":[{"count":3,"href":"https:\/\/kurdischesfilmfestival.com\/index.php\/wp-json\/wp\/v2\/posts\/1073\/revisions"}],"predecessor-version":[{"id":1346,"href":"https:\/\/kurdischesfilmfestival.com\/index.php\/wp-json\/wp\/v2\/posts\/1073\/revisions\/1346"}],"wp:featuredmedia":[{"embeddable":true,"href":"https:\/\/kurdischesfilmfestival.com\/index.php\/wp-json\/wp\/v2\/media\/1074"}],"wp:attachment":[{"href":"https:\/\/kurdischesfilmfestival.com\/index.php\/wp-json\/wp\/v2\/media?parent=1073"}],"wp:term":[{"taxonomy":"category","embeddable":true,"href":"https:\/\/kurdischesfilmfestival.com\/index.php\/wp-json\/wp\/v2\/categories?post=1073"},{"taxonomy":"post_tag","embeddable":true,"href":"https:\/\/kurdischesfilmfestival.com\/index.php\/wp-json\/wp\/v2\/tags?post=1073"}],"curies":[{"name":"wp","href":"https:\/\/api.w.org\/{rel}","templated":true}]}}