{"id":1080,"date":"2025-10-18T16:59:26","date_gmt":"2025-10-18T14:59:26","guid":{"rendered":"https:\/\/kurdischesfilmfestival.com\/?p=1080"},"modified":"2025-10-25T13:38:00","modified_gmt":"2025-10-25T11:38:00","slug":"roots","status":"publish","type":"post","link":"https:\/\/kurdischesfilmfestival.com\/index.php\/2025\/10\/18\/roots\/","title":{"rendered":"Roots"},"content":{"rendered":"<p>Roots: Jews of Kurdistan in Jerusalem 57Min. von Veysi Da\u011f<br \/>\nEnglisch, Hebr\u00e4isch, Kurdisch mit englischen Untertiteln<br \/>\nAm Sonntag, 2. November 2025<br \/>\nUm 17:00 Uhr<br \/>\nIm Filmhaus K\u00f6ln, Maybachstr. 111, 50670 K\u00f6ln<\/p>\n<p><span style=\"font-weight: 400;\">Der Dokumentarfilm <\/span><b>Roots: Jews of Kurdistan in Jerusalem<\/b><span style=\"font-weight: 400;\"> erz\u00e4hlt die Geschichte der kurdisch-j\u00fcdischen Gemeinschaft in Israel \u2013 Hunderttausende kurdische Juden leben im Land, allein in Jerusalem rund 80.000. Der Film zeigt die Auswanderung der kurdischen Juden aus der T\u00fcrkei, dem Iran und arabischen Staaten im letzten Jahrhundert, ihre Integration in Jerusalem und bis heute lebendige Kultur \u2013 von Musik und Tanz bis zu traditionellen Speisen. Er bietet einen einzigartigen Einblick in das Leben und die Identit\u00e4t der Kurdistan-Juden und ihre Verbundenheit mit den Wurzeln in ihrer alten Heimat. <\/span><\/p>\n","protected":false},"excerpt":{"rendered":"<p>Roots: Jews of Kurdistan in Jerusalem 57Min. von Veysi Da\u011f Englisch, Hebr\u00e4isch, Kurdisch mit englischen Untertiteln Am Sonntag, 2. November 2025 Um 17:00 Uhr Im Filmhaus K\u00f6ln, Maybachstr. 111, 50670 K\u00f6ln Der Dokumentarfilm Roots: Jews of Kurdistan in Jerusalem erz\u00e4hlt die Geschichte der kurdisch-j\u00fcdischen Gemeinschaft in Israel \u2013 Hunderttausende kurdische Juden leben im Land, allein [&hellip;]<\/p>\n","protected":false},"author":1,"featured_media":1081,"comment_status":"open","ping_status":"open","sticky":false,"template":"","format":"standard","meta":{"_et_pb_use_builder":"","_et_pb_old_content":"","_et_gb_content_width":"","footnotes":""},"categories":[17,13],"tags":[],"class_list":["post-1080","post","type-post","status-publish","format-standard","has-post-thumbnail","hentry","category-dokumentarfilm","category-programm"],"_links":{"self":[{"href":"https:\/\/kurdischesfilmfestival.com\/index.php\/wp-json\/wp\/v2\/posts\/1080","targetHints":{"allow":["GET"]}}],"collection":[{"href":"https:\/\/kurdischesfilmfestival.com\/index.php\/wp-json\/wp\/v2\/posts"}],"about":[{"href":"https:\/\/kurdischesfilmfestival.com\/index.php\/wp-json\/wp\/v2\/types\/post"}],"author":[{"embeddable":true,"href":"https:\/\/kurdischesfilmfestival.com\/index.php\/wp-json\/wp\/v2\/users\/1"}],"replies":[{"embeddable":true,"href":"https:\/\/kurdischesfilmfestival.com\/index.php\/wp-json\/wp\/v2\/comments?post=1080"}],"version-history":[{"count":2,"href":"https:\/\/kurdischesfilmfestival.com\/index.php\/wp-json\/wp\/v2\/posts\/1080\/revisions"}],"predecessor-version":[{"id":1356,"href":"https:\/\/kurdischesfilmfestival.com\/index.php\/wp-json\/wp\/v2\/posts\/1080\/revisions\/1356"}],"wp:featuredmedia":[{"embeddable":true,"href":"https:\/\/kurdischesfilmfestival.com\/index.php\/wp-json\/wp\/v2\/media\/1081"}],"wp:attachment":[{"href":"https:\/\/kurdischesfilmfestival.com\/index.php\/wp-json\/wp\/v2\/media?parent=1080"}],"wp:term":[{"taxonomy":"category","embeddable":true,"href":"https:\/\/kurdischesfilmfestival.com\/index.php\/wp-json\/wp\/v2\/categories?post=1080"},{"taxonomy":"post_tag","embeddable":true,"href":"https:\/\/kurdischesfilmfestival.com\/index.php\/wp-json\/wp\/v2\/tags?post=1080"}],"curies":[{"name":"wp","href":"https:\/\/api.w.org\/{rel}","templated":true}]}}