{"id":1083,"date":"2025-10-18T17:01:29","date_gmt":"2025-10-18T15:01:29","guid":{"rendered":"https:\/\/kurdischesfilmfestival.com\/?p=1083"},"modified":"2025-10-25T13:37:25","modified_gmt":"2025-10-25T11:37:25","slug":"pinkas-dream","status":"publish","type":"post","link":"https:\/\/kurdischesfilmfestival.com\/index.php\/2025\/10\/18\/pinkas-dream\/","title":{"rendered":"Pinkas Dream"},"content":{"rendered":"<p>Pinkas Dream 53 Min von Ruth Walk<br \/>\nEnglisch, Hebr\u00e4isch, Kurdisch mit englischen Untertiteln<br \/>\nAm Sonntag, 2. November 2025<br \/>\nUm 17:00 Uhr<br \/>\nIm Filmhaus K\u00f6ln, Maybachstr. 111, 50670 K\u00f6ln<\/p>\n<p><span style=\"font-weight: 400;\">\u201ePinkas, ein 75-j\u00e4hriger Bauer, wird von einem Traum geplagt, in dem seine Schwester Simha erscheint. Als er vor 50 Jahren nach Israel kam, blieb sie in Kurdistan zur\u00fcck, und er hat sie seitdem nicht mehr gesehen. Pinkas begibt sich auf eine gef\u00e4hrliche Reise zu seinem Geburtsort, einer Enklave im feindlichen Irak. Dort findet er seine lang verlorene Schwester und beschlie\u00dft, sie und ihre Familie nach Israel zu holen. Doch anstelle eines \u201aHappy Ends\u2018 mit einer gro\u00dfen Familienzusammenf\u00fchrung muss Pinkas schmerzhafte Entt\u00e4uschungen ertragen. Die meisten taten nur so, als w\u00e4ren sie Familie, und wendeten sich von ihm ab. Er versteht, dass Menschen in Frieden gelassen werden sollten, wo auch immer das Schicksal sie hingestellt hat.\u201c<\/span><\/p>\n","protected":false},"excerpt":{"rendered":"<p>Pinkas Dream 53 Min von Ruth Walk Englisch, Hebr\u00e4isch, Kurdisch mit englischen Untertiteln Am Sonntag, 2. November 2025 Um 17:00 Uhr Im Filmhaus K\u00f6ln, Maybachstr. 111, 50670 K\u00f6ln \u201ePinkas, ein 75-j\u00e4hriger Bauer, wird von einem Traum geplagt, in dem seine Schwester Simha erscheint. Als er vor 50 Jahren nach Israel kam, blieb sie in Kurdistan [&hellip;]<\/p>\n","protected":false},"author":1,"featured_media":1084,"comment_status":"open","ping_status":"open","sticky":false,"template":"","format":"standard","meta":{"_et_pb_use_builder":"","_et_pb_old_content":"","_et_gb_content_width":"","footnotes":""},"categories":[17,13],"tags":[],"class_list":["post-1083","post","type-post","status-publish","format-standard","has-post-thumbnail","hentry","category-dokumentarfilm","category-programm"],"_links":{"self":[{"href":"https:\/\/kurdischesfilmfestival.com\/index.php\/wp-json\/wp\/v2\/posts\/1083","targetHints":{"allow":["GET"]}}],"collection":[{"href":"https:\/\/kurdischesfilmfestival.com\/index.php\/wp-json\/wp\/v2\/posts"}],"about":[{"href":"https:\/\/kurdischesfilmfestival.com\/index.php\/wp-json\/wp\/v2\/types\/post"}],"author":[{"embeddable":true,"href":"https:\/\/kurdischesfilmfestival.com\/index.php\/wp-json\/wp\/v2\/users\/1"}],"replies":[{"embeddable":true,"href":"https:\/\/kurdischesfilmfestival.com\/index.php\/wp-json\/wp\/v2\/comments?post=1083"}],"version-history":[{"count":2,"href":"https:\/\/kurdischesfilmfestival.com\/index.php\/wp-json\/wp\/v2\/posts\/1083\/revisions"}],"predecessor-version":[{"id":1355,"href":"https:\/\/kurdischesfilmfestival.com\/index.php\/wp-json\/wp\/v2\/posts\/1083\/revisions\/1355"}],"wp:featuredmedia":[{"embeddable":true,"href":"https:\/\/kurdischesfilmfestival.com\/index.php\/wp-json\/wp\/v2\/media\/1084"}],"wp:attachment":[{"href":"https:\/\/kurdischesfilmfestival.com\/index.php\/wp-json\/wp\/v2\/media?parent=1083"}],"wp:term":[{"taxonomy":"category","embeddable":true,"href":"https:\/\/kurdischesfilmfestival.com\/index.php\/wp-json\/wp\/v2\/categories?post=1083"},{"taxonomy":"post_tag","embeddable":true,"href":"https:\/\/kurdischesfilmfestival.com\/index.php\/wp-json\/wp\/v2\/tags?post=1083"}],"curies":[{"name":"wp","href":"https:\/\/api.w.org\/{rel}","templated":true}]}}