{"id":1103,"date":"2025-10-18T21:54:32","date_gmt":"2025-10-18T19:54:32","guid":{"rendered":"https:\/\/kurdischesfilmfestival.com\/?p=1103"},"modified":"2025-10-25T13:20:29","modified_gmt":"2025-10-25T11:20:29","slug":"nigeria","status":"publish","type":"post","link":"https:\/\/kurdischesfilmfestival.com\/index.php\/2025\/10\/18\/nigeria\/","title":{"rendered":"Nigeria"},"content":{"rendered":"<p>Nigeria 17:00 Min. von Sabah Gavili<br \/>\nKurdisch mit englischen Untertiteln<br \/>\nAm Samstag, 1. November 2025<br \/>\nUm 14:00 Uhr<br \/>\nIm Filmhaus K\u00f6ln, Maybachstr. 111, 50670 K\u00f6ln<\/p>\n<p><span style=\"font-weight: 400;\">Dylan und Chia sind zwei junge Straft\u00e4ter mit einer Vorgeschichte, die nachts auf der Autobahn einen Passanten anfahren. Sie lassen den Verletzten zur\u00fcck und fliehen. Nach einigen Minuten betritt ein umherziehender Mann mit einer Waffe das Haus und sagt, er habe den Unfall beobachtet. Die zwei jungen Straft\u00e4ter werden von dem Mann erpresst.<\/span><\/p>\n","protected":false},"excerpt":{"rendered":"<p>Nigeria 17:00 Min. von Sabah Gavili Kurdisch mit englischen Untertiteln Am Samstag, 1. November 2025 Um 14:00 Uhr Im Filmhaus K\u00f6ln, Maybachstr. 111, 50670 K\u00f6ln Dylan und Chia sind zwei junge Straft\u00e4ter mit einer Vorgeschichte, die nachts auf der Autobahn einen Passanten anfahren. Sie lassen den Verletzten zur\u00fcck und fliehen. Nach einigen Minuten betritt ein [&hellip;]<\/p>\n","protected":false},"author":1,"featured_media":1104,"comment_status":"open","ping_status":"open","sticky":false,"template":"","format":"standard","meta":{"_et_pb_use_builder":"","_et_pb_old_content":"","_et_gb_content_width":"","footnotes":""},"categories":[16,13,31],"tags":[],"class_list":["post-1103","post","type-post","status-publish","format-standard","has-post-thumbnail","hentry","category-kurzfilm","category-programm","category-samstag"],"_links":{"self":[{"href":"https:\/\/kurdischesfilmfestival.com\/index.php\/wp-json\/wp\/v2\/posts\/1103","targetHints":{"allow":["GET"]}}],"collection":[{"href":"https:\/\/kurdischesfilmfestival.com\/index.php\/wp-json\/wp\/v2\/posts"}],"about":[{"href":"https:\/\/kurdischesfilmfestival.com\/index.php\/wp-json\/wp\/v2\/types\/post"}],"author":[{"embeddable":true,"href":"https:\/\/kurdischesfilmfestival.com\/index.php\/wp-json\/wp\/v2\/users\/1"}],"replies":[{"embeddable":true,"href":"https:\/\/kurdischesfilmfestival.com\/index.php\/wp-json\/wp\/v2\/comments?post=1103"}],"version-history":[{"count":2,"href":"https:\/\/kurdischesfilmfestival.com\/index.php\/wp-json\/wp\/v2\/posts\/1103\/revisions"}],"predecessor-version":[{"id":1347,"href":"https:\/\/kurdischesfilmfestival.com\/index.php\/wp-json\/wp\/v2\/posts\/1103\/revisions\/1347"}],"wp:featuredmedia":[{"embeddable":true,"href":"https:\/\/kurdischesfilmfestival.com\/index.php\/wp-json\/wp\/v2\/media\/1104"}],"wp:attachment":[{"href":"https:\/\/kurdischesfilmfestival.com\/index.php\/wp-json\/wp\/v2\/media?parent=1103"}],"wp:term":[{"taxonomy":"category","embeddable":true,"href":"https:\/\/kurdischesfilmfestival.com\/index.php\/wp-json\/wp\/v2\/categories?post=1103"},{"taxonomy":"post_tag","embeddable":true,"href":"https:\/\/kurdischesfilmfestival.com\/index.php\/wp-json\/wp\/v2\/tags?post=1103"}],"curies":[{"name":"wp","href":"https:\/\/api.w.org\/{rel}","templated":true}]}}