{"id":1109,"date":"2025-10-18T21:57:54","date_gmt":"2025-10-18T19:57:54","guid":{"rendered":"https:\/\/kurdischesfilmfestival.com\/?p=1109"},"modified":"2025-10-25T13:21:19","modified_gmt":"2025-10-25T11:21:19","slug":"khalil","status":"publish","type":"post","link":"https:\/\/kurdischesfilmfestival.com\/index.php\/2025\/10\/18\/khalil\/","title":{"rendered":"Khalil"},"content":{"rendered":"<p>Khalil 19:58 Min. von Seyed Payam Hosseini<br \/>\nKurdisch mit englischen Untertiteln<br \/>\nAm Samstag, 1. November 2025<br \/>\nUm 14:00 Uhr<br \/>\nIm Filmhaus K\u00f6ln, Maybachstr. 111, 50670 K\u00f6ln<\/p>\n<p><span style=\"font-weight: 400;\">Khalil, ein 13-j\u00e4hriger Junge, ist nach dem Tod seines Vaters beunruhigt und fragt sich, ob sein Vater in den Himmel oder die H\u00f6lle gekommen ist. Entschlossen, Antworten zu finden, begibt er sich auf eine pers\u00f6nliche Reise, um die Wahrheit herauszufinden. <\/span><\/p>\n","protected":false},"excerpt":{"rendered":"<p>Khalil 19:58 Min. von Seyed Payam Hosseini Kurdisch mit englischen Untertiteln Am Samstag, 1. November 2025 Um 14:00 Uhr Im Filmhaus K\u00f6ln, Maybachstr. 111, 50670 K\u00f6ln Khalil, ein 13-j\u00e4hriger Junge, ist nach dem Tod seines Vaters beunruhigt und fragt sich, ob sein Vater in den Himmel oder die H\u00f6lle gekommen ist. Entschlossen, Antworten zu finden, [&hellip;]<\/p>\n","protected":false},"author":1,"featured_media":1110,"comment_status":"open","ping_status":"open","sticky":false,"template":"","format":"standard","meta":{"_et_pb_use_builder":"","_et_pb_old_content":"","_et_gb_content_width":"","footnotes":""},"categories":[16,13,31],"tags":[],"class_list":["post-1109","post","type-post","status-publish","format-standard","has-post-thumbnail","hentry","category-kurzfilm","category-programm","category-samstag"],"_links":{"self":[{"href":"https:\/\/kurdischesfilmfestival.com\/index.php\/wp-json\/wp\/v2\/posts\/1109","targetHints":{"allow":["GET"]}}],"collection":[{"href":"https:\/\/kurdischesfilmfestival.com\/index.php\/wp-json\/wp\/v2\/posts"}],"about":[{"href":"https:\/\/kurdischesfilmfestival.com\/index.php\/wp-json\/wp\/v2\/types\/post"}],"author":[{"embeddable":true,"href":"https:\/\/kurdischesfilmfestival.com\/index.php\/wp-json\/wp\/v2\/users\/1"}],"replies":[{"embeddable":true,"href":"https:\/\/kurdischesfilmfestival.com\/index.php\/wp-json\/wp\/v2\/comments?post=1109"}],"version-history":[{"count":3,"href":"https:\/\/kurdischesfilmfestival.com\/index.php\/wp-json\/wp\/v2\/posts\/1109\/revisions"}],"predecessor-version":[{"id":1350,"href":"https:\/\/kurdischesfilmfestival.com\/index.php\/wp-json\/wp\/v2\/posts\/1109\/revisions\/1350"}],"wp:featuredmedia":[{"embeddable":true,"href":"https:\/\/kurdischesfilmfestival.com\/index.php\/wp-json\/wp\/v2\/media\/1110"}],"wp:attachment":[{"href":"https:\/\/kurdischesfilmfestival.com\/index.php\/wp-json\/wp\/v2\/media?parent=1109"}],"wp:term":[{"taxonomy":"category","embeddable":true,"href":"https:\/\/kurdischesfilmfestival.com\/index.php\/wp-json\/wp\/v2\/categories?post=1109"},{"taxonomy":"post_tag","embeddable":true,"href":"https:\/\/kurdischesfilmfestival.com\/index.php\/wp-json\/wp\/v2\/tags?post=1109"}],"curies":[{"name":"wp","href":"https:\/\/api.w.org\/{rel}","templated":true}]}}