{"id":1112,"date":"2025-10-18T21:59:40","date_gmt":"2025-10-18T19:59:40","guid":{"rendered":"https:\/\/kurdischesfilmfestival.com\/?p=1112"},"modified":"2025-10-25T13:22:53","modified_gmt":"2025-10-25T11:22:53","slug":"mourning","status":"publish","type":"post","link":"https:\/\/kurdischesfilmfestival.com\/index.php\/2025\/10\/18\/mourning\/","title":{"rendered":"Mourning"},"content":{"rendered":"<p>Mourning 11:00 Min. von Armin Mohammadi<br \/>\nKurdisch mit englischen Untertiteln<br \/>\nAm Samstag, 1. November 2025<br \/>\nUm 14:00 Uhr<br \/>\nIm Filmhaus K\u00f6ln, Maybachstr. 111, 50670 K\u00f6ln<\/p>\n<p><span style=\"font-weight: 400;\">Nach dem Tod eines geliebten Menschen hinterl\u00e4sst die Trauer nicht nur Leere, sondern auch neue Herausforderungen. Die Familie, deren Mitglieder sich emotional voneinander entfernt haben, versucht, mit dem Verlust umzugehen: Die Gro\u00dfmutter steht pl\u00f6tzlich vor der Aufgabe, ihre beiden Enkelkinder allein gro\u00dfzuziehen. Die Tochter leidet unter der Abwesenheit ihrer Mutter, w\u00e4hrend der Sohn vom Leben auf dem Land zu fliehen versucht. Doch das Leben verl\u00e4uft anders als geplant \u2013 und zwingt jeden Einzelnen von ihnen, sich seinen eigenen \u00c4ngsten und Sehns\u00fcchten zu stellen.<\/span><\/p>\n","protected":false},"excerpt":{"rendered":"<p>Mourning 11:00 Min. von Armin Mohammadi Kurdisch mit englischen Untertiteln Am Samstag, 1. November 2025 Um 14:00 Uhr Im Filmhaus K\u00f6ln, Maybachstr. 111, 50670 K\u00f6ln Nach dem Tod eines geliebten Menschen hinterl\u00e4sst die Trauer nicht nur Leere, sondern auch neue Herausforderungen. Die Familie, deren Mitglieder sich emotional voneinander entfernt haben, versucht, mit dem Verlust umzugehen: [&hellip;]<\/p>\n","protected":false},"author":1,"featured_media":1113,"comment_status":"open","ping_status":"open","sticky":false,"template":"","format":"standard","meta":{"_et_pb_use_builder":"","_et_pb_old_content":"","_et_gb_content_width":"","footnotes":""},"categories":[16,13,31],"tags":[],"class_list":["post-1112","post","type-post","status-publish","format-standard","has-post-thumbnail","hentry","category-kurzfilm","category-programm","category-samstag"],"_links":{"self":[{"href":"https:\/\/kurdischesfilmfestival.com\/index.php\/wp-json\/wp\/v2\/posts\/1112","targetHints":{"allow":["GET"]}}],"collection":[{"href":"https:\/\/kurdischesfilmfestival.com\/index.php\/wp-json\/wp\/v2\/posts"}],"about":[{"href":"https:\/\/kurdischesfilmfestival.com\/index.php\/wp-json\/wp\/v2\/types\/post"}],"author":[{"embeddable":true,"href":"https:\/\/kurdischesfilmfestival.com\/index.php\/wp-json\/wp\/v2\/users\/1"}],"replies":[{"embeddable":true,"href":"https:\/\/kurdischesfilmfestival.com\/index.php\/wp-json\/wp\/v2\/comments?post=1112"}],"version-history":[{"count":2,"href":"https:\/\/kurdischesfilmfestival.com\/index.php\/wp-json\/wp\/v2\/posts\/1112\/revisions"}],"predecessor-version":[{"id":1351,"href":"https:\/\/kurdischesfilmfestival.com\/index.php\/wp-json\/wp\/v2\/posts\/1112\/revisions\/1351"}],"wp:featuredmedia":[{"embeddable":true,"href":"https:\/\/kurdischesfilmfestival.com\/index.php\/wp-json\/wp\/v2\/media\/1113"}],"wp:attachment":[{"href":"https:\/\/kurdischesfilmfestival.com\/index.php\/wp-json\/wp\/v2\/media?parent=1112"}],"wp:term":[{"taxonomy":"category","embeddable":true,"href":"https:\/\/kurdischesfilmfestival.com\/index.php\/wp-json\/wp\/v2\/categories?post=1112"},{"taxonomy":"post_tag","embeddable":true,"href":"https:\/\/kurdischesfilmfestival.com\/index.php\/wp-json\/wp\/v2\/tags?post=1112"}],"curies":[{"name":"wp","href":"https:\/\/api.w.org\/{rel}","templated":true}]}}