{"id":1115,"date":"2025-10-18T22:00:58","date_gmt":"2025-10-18T20:00:58","guid":{"rendered":"https:\/\/kurdischesfilmfestival.com\/?p=1115"},"modified":"2025-10-25T13:28:33","modified_gmt":"2025-10-25T11:28:33","slug":"our-name-is-foreigner","status":"publish","type":"post","link":"https:\/\/kurdischesfilmfestival.com\/index.php\/2025\/10\/18\/our-name-is-foreigner\/","title":{"rendered":"Our Name Is Foreigner"},"content":{"rendered":"<p>Our Name Is Foreigner 20:00 Min von Selin Besili<br \/>\nKurdisch, Schweizerdeutsch, T\u00fcrkisch mit englischen Untertiteln<br \/>\nAm Samstag, 1. November 2025<br \/>\nUm 14:00 Uhr<br \/>\nIm Filmhaus K\u00f6ln, Maybachstr. 111, 50670 K\u00f6ln<\/p>\n<p><span style=\"font-weight: 400;\">H\u00eal\u00een, Selin, Firat und Serhat sind Geschwister, die in einem Dorf in der Zentralschweiz aufgewachsen sind. Sie tragen das Wohnzimmer ihrer Familie hinaus in den \u00f6ffentlichen Raum: zuerst den bunten Teppich, dann das Sofa, zuletzt den hei\u00dfen \u00c7ay. Eine neue Geschichte entsteht \u2013 eine, in der Wut und Widerstandskraft ebenso unerschrocken ihren Platz finden wie Fremdzuweisung und Angst.<\/span><\/p>\n","protected":false},"excerpt":{"rendered":"<p>Our Name Is Foreigner 20:00 Min von Selin Besili Kurdisch, Schweizerdeutsch, T\u00fcrkisch mit englischen Untertiteln Am Samstag, 1. November 2025 Um 14:00 Uhr Im Filmhaus K\u00f6ln, Maybachstr. 111, 50670 K\u00f6ln H\u00eal\u00een, Selin, Firat und Serhat sind Geschwister, die in einem Dorf in der Zentralschweiz aufgewachsen sind. Sie tragen das Wohnzimmer ihrer Familie hinaus in den [&hellip;]<\/p>\n","protected":false},"author":1,"featured_media":1116,"comment_status":"open","ping_status":"open","sticky":false,"template":"","format":"standard","meta":{"_et_pb_use_builder":"","_et_pb_old_content":"","_et_gb_content_width":"","footnotes":""},"categories":[16,13,31],"tags":[],"class_list":["post-1115","post","type-post","status-publish","format-standard","has-post-thumbnail","hentry","category-kurzfilm","category-programm","category-samstag"],"_links":{"self":[{"href":"https:\/\/kurdischesfilmfestival.com\/index.php\/wp-json\/wp\/v2\/posts\/1115","targetHints":{"allow":["GET"]}}],"collection":[{"href":"https:\/\/kurdischesfilmfestival.com\/index.php\/wp-json\/wp\/v2\/posts"}],"about":[{"href":"https:\/\/kurdischesfilmfestival.com\/index.php\/wp-json\/wp\/v2\/types\/post"}],"author":[{"embeddable":true,"href":"https:\/\/kurdischesfilmfestival.com\/index.php\/wp-json\/wp\/v2\/users\/1"}],"replies":[{"embeddable":true,"href":"https:\/\/kurdischesfilmfestival.com\/index.php\/wp-json\/wp\/v2\/comments?post=1115"}],"version-history":[{"count":4,"href":"https:\/\/kurdischesfilmfestival.com\/index.php\/wp-json\/wp\/v2\/posts\/1115\/revisions"}],"predecessor-version":[{"id":1353,"href":"https:\/\/kurdischesfilmfestival.com\/index.php\/wp-json\/wp\/v2\/posts\/1115\/revisions\/1353"}],"wp:featuredmedia":[{"embeddable":true,"href":"https:\/\/kurdischesfilmfestival.com\/index.php\/wp-json\/wp\/v2\/media\/1116"}],"wp:attachment":[{"href":"https:\/\/kurdischesfilmfestival.com\/index.php\/wp-json\/wp\/v2\/media?parent=1115"}],"wp:term":[{"taxonomy":"category","embeddable":true,"href":"https:\/\/kurdischesfilmfestival.com\/index.php\/wp-json\/wp\/v2\/categories?post=1115"},{"taxonomy":"post_tag","embeddable":true,"href":"https:\/\/kurdischesfilmfestival.com\/index.php\/wp-json\/wp\/v2\/tags?post=1115"}],"curies":[{"name":"wp","href":"https:\/\/api.w.org\/{rel}","templated":true}]}}