{"id":122,"date":"2023-10-05T00:15:01","date_gmt":"2023-10-04T22:15:01","guid":{"rendered":"https:\/\/kurdischesfilmfestival.com\/?p=122"},"modified":"2025-10-18T16:00:46","modified_gmt":"2025-10-18T14:00:46","slug":"freezing-dream","status":"publish","type":"post","link":"https:\/\/kurdischesfilmfestival.com\/index.php\/2023\/10\/05\/freezing-dream\/","title":{"rendered":"Freezing Dream"},"content":{"rendered":"<p><span style=\"font-weight: 400;\">Zwei Jungen durchforsten die M\u00fcllhalde nach Nahrung. W\u00e4hrend der COVID-Pandemie, als dem dem Iran die Gesichtsmasken ausgehen, beschlie\u00dfen sie, gebrauchte Masken zu sammeln, aber die Dinge verlaufen nicht wie geplant.<\/span> <b>Von Rozhan Ajamian\u00a0 | Iran | 8 min | 2022 | Kurdisch <\/b><\/p>\n","protected":false},"excerpt":{"rendered":"<p>Zwei Jungen durchforsten die M\u00fcllhalde nach Nahrung. W\u00e4hrend der COVID-Pandemie, als dem dem Iran die Gesichtsmasken ausgehen, beschlie\u00dfen sie, gebrauchte Masken zu sammeln, aber die Dinge verlaufen nicht wie geplant. Von Rozhan Ajamian\u00a0 | Iran | 8 min | 2022 | Kurdisch<\/p>\n","protected":false},"author":1,"featured_media":440,"comment_status":"open","ping_status":"open","sticky":false,"template":"","format":"standard","meta":{"_et_pb_use_builder":"off","_et_pb_old_content":"","_et_gb_content_width":"","footnotes":""},"categories":[37],"tags":[],"class_list":["post-122","post","type-post","status-publish","format-standard","has-post-thumbnail","hentry","category-programm-2023"],"_links":{"self":[{"href":"https:\/\/kurdischesfilmfestival.com\/index.php\/wp-json\/wp\/v2\/posts\/122","targetHints":{"allow":["GET"]}}],"collection":[{"href":"https:\/\/kurdischesfilmfestival.com\/index.php\/wp-json\/wp\/v2\/posts"}],"about":[{"href":"https:\/\/kurdischesfilmfestival.com\/index.php\/wp-json\/wp\/v2\/types\/post"}],"author":[{"embeddable":true,"href":"https:\/\/kurdischesfilmfestival.com\/index.php\/wp-json\/wp\/v2\/users\/1"}],"replies":[{"embeddable":true,"href":"https:\/\/kurdischesfilmfestival.com\/index.php\/wp-json\/wp\/v2\/comments?post=122"}],"version-history":[{"count":6,"href":"https:\/\/kurdischesfilmfestival.com\/index.php\/wp-json\/wp\/v2\/posts\/122\/revisions"}],"predecessor-version":[{"id":459,"href":"https:\/\/kurdischesfilmfestival.com\/index.php\/wp-json\/wp\/v2\/posts\/122\/revisions\/459"}],"wp:featuredmedia":[{"embeddable":true,"href":"https:\/\/kurdischesfilmfestival.com\/index.php\/wp-json\/wp\/v2\/media\/440"}],"wp:attachment":[{"href":"https:\/\/kurdischesfilmfestival.com\/index.php\/wp-json\/wp\/v2\/media?parent=122"}],"wp:term":[{"taxonomy":"category","embeddable":true,"href":"https:\/\/kurdischesfilmfestival.com\/index.php\/wp-json\/wp\/v2\/categories?post=122"},{"taxonomy":"post_tag","embeddable":true,"href":"https:\/\/kurdischesfilmfestival.com\/index.php\/wp-json\/wp\/v2\/tags?post=122"}],"curies":[{"name":"wp","href":"https:\/\/api.w.org\/{rel}","templated":true}]}}