{"id":1261,"date":"2025-10-22T00:44:42","date_gmt":"2025-10-21T22:44:42","guid":{"rendered":"https:\/\/kurdischesfilmfestival.com\/?p=1261"},"modified":"2025-10-25T13:47:06","modified_gmt":"2025-10-25T11:47:06","slug":"a-happy-day","status":"publish","type":"post","link":"https:\/\/kurdischesfilmfestival.com\/index.php\/2025\/10\/22\/a-happy-day\/","title":{"rendered":"A Happy Day"},"content":{"rendered":"<p>A Happy Day 108 Min. von Hisham Zaman<br \/>\nNorwegisch mit englischen Untertiteln<br \/>\nAm Dienstag, 4. November 2025<br \/>\nUm19:00 Uhr<br \/>\nIm Filmhaus K\u00f6ln, Maybachstr. 111, 50670 K\u00f6ln<\/p>\n<p><span style=\"font-weight: 400;\">Drei Teenagerfreunde, die in einem eingefrorenen, hoffnungslosen Ort feststecken, schmieden einen Plan, \u00fcber den Berg in eine Welt zu fliehen, in der ihre Tr\u00e4ume verwirklicht werden k\u00f6nnen. Doch als sich einer von ihnen verliebt, beginnt ihr Plan zu zerfallen.<\/span><\/p>\n","protected":false},"excerpt":{"rendered":"<p>A Happy Day 108 Min. von Hisham Zaman Norwegisch mit englischen Untertiteln Am Dienstag, 4. November 2025 Um19:00 Uhr Im Filmhaus K\u00f6ln, Maybachstr. 111, 50670 K\u00f6ln Drei Teenagerfreunde, die in einem eingefrorenen, hoffnungslosen Ort feststecken, schmieden einen Plan, \u00fcber den Berg in eine Welt zu fliehen, in der ihre Tr\u00e4ume verwirklicht werden k\u00f6nnen. Doch als [&hellip;]<\/p>\n","protected":false},"author":1,"featured_media":1099,"comment_status":"open","ping_status":"open","sticky":false,"template":"","format":"standard","meta":{"_et_pb_use_builder":"","_et_pb_old_content":"","_et_gb_content_width":"","footnotes":""},"categories":[13,14],"tags":[],"class_list":["post-1261","post","type-post","status-publish","format-standard","has-post-thumbnail","hentry","category-programm","category-spielfilm"],"_links":{"self":[{"href":"https:\/\/kurdischesfilmfestival.com\/index.php\/wp-json\/wp\/v2\/posts\/1261","targetHints":{"allow":["GET"]}}],"collection":[{"href":"https:\/\/kurdischesfilmfestival.com\/index.php\/wp-json\/wp\/v2\/posts"}],"about":[{"href":"https:\/\/kurdischesfilmfestival.com\/index.php\/wp-json\/wp\/v2\/types\/post"}],"author":[{"embeddable":true,"href":"https:\/\/kurdischesfilmfestival.com\/index.php\/wp-json\/wp\/v2\/users\/1"}],"replies":[{"embeddable":true,"href":"https:\/\/kurdischesfilmfestival.com\/index.php\/wp-json\/wp\/v2\/comments?post=1261"}],"version-history":[{"count":2,"href":"https:\/\/kurdischesfilmfestival.com\/index.php\/wp-json\/wp\/v2\/posts\/1261\/revisions"}],"predecessor-version":[{"id":1362,"href":"https:\/\/kurdischesfilmfestival.com\/index.php\/wp-json\/wp\/v2\/posts\/1261\/revisions\/1362"}],"wp:featuredmedia":[{"embeddable":true,"href":"https:\/\/kurdischesfilmfestival.com\/index.php\/wp-json\/wp\/v2\/media\/1099"}],"wp:attachment":[{"href":"https:\/\/kurdischesfilmfestival.com\/index.php\/wp-json\/wp\/v2\/media?parent=1261"}],"wp:term":[{"taxonomy":"category","embeddable":true,"href":"https:\/\/kurdischesfilmfestival.com\/index.php\/wp-json\/wp\/v2\/categories?post=1261"},{"taxonomy":"post_tag","embeddable":true,"href":"https:\/\/kurdischesfilmfestival.com\/index.php\/wp-json\/wp\/v2\/tags?post=1261"}],"curies":[{"name":"wp","href":"https:\/\/api.w.org\/{rel}","templated":true}]}}