{"id":1263,"date":"2025-10-22T00:46:07","date_gmt":"2025-10-21T22:46:07","guid":{"rendered":"https:\/\/kurdischesfilmfestival.com\/?p=1263"},"modified":"2025-10-25T13:47:33","modified_gmt":"2025-10-25T11:47:33","slug":"hevi","status":"publish","type":"post","link":"https:\/\/kurdischesfilmfestival.com\/index.php\/2025\/10\/22\/hevi\/","title":{"rendered":"Hevi"},"content":{"rendered":"<p>H\u00eav\u00ee 80 Min. Orhan Ince 19:30 Uhr<br \/>\nKurdisch mit englischen Untertiteln<br \/>\nAm Montag, 3. November 2025<br \/>\nUm19:30 Uhr<br \/>\nIm Filmhaus K\u00f6ln, Maybachstr. 111, 50670 K\u00f6ln<\/p>\n<p><span style=\"font-weight: 400;\">Der 20-j\u00e4hrige \u00c7eto f\u00fchrt ein ruhiges und bescheidenes Leben, weit entfernt vom Dorf, mit seiner tauben und stummen kleinen Schwester Zeyno und ihrem Vater Mustafa, der darum k\u00e4mpft, \u00fcber die Runden zu kommen. In dieser bescheidenen Welt trifft \u00c7eto eines Tages auf dem R\u00fcckweg aus der Stadt einen Viehh\u00e4ndler namens Emin und stellt ihn seinem Vater vor, wodurch sie in den Viehhandel einsteigen. Er glaubt, dass er so eine L\u00f6sung f\u00fcr die finanziellen Probleme der Familie gefunden hat. Doch diese neue Vereinbarung beginnt, die Schafe \u2013 das einzige Andenken, das Zeyno von ihrer verstorbenen Mutter hat \u2013 zu gef\u00e4hrden.\u00a0 Als sich die Dinge zuspitzen, l\u00e4sst \u00c7eto, wenn auch widerwillig, seine Schwester mit einer schwierigen Entscheidung zur\u00fcck.<\/span><\/p>\n","protected":false},"excerpt":{"rendered":"<p>H\u00eav\u00ee 80 Min. Orhan Ince 19:30 Uhr Kurdisch mit englischen Untertiteln Am Montag, 3. November 2025 Um19:30 Uhr Im Filmhaus K\u00f6ln, Maybachstr. 111, 50670 K\u00f6ln Der 20-j\u00e4hrige \u00c7eto f\u00fchrt ein ruhiges und bescheidenes Leben, weit entfernt vom Dorf, mit seiner tauben und stummen kleinen Schwester Zeyno und ihrem Vater Mustafa, der darum k\u00e4mpft, \u00fcber die [&hellip;]<\/p>\n","protected":false},"author":1,"featured_media":1096,"comment_status":"open","ping_status":"open","sticky":false,"template":"","format":"standard","meta":{"_et_pb_use_builder":"","_et_pb_old_content":"","_et_gb_content_width":"","footnotes":""},"categories":[13,14],"tags":[],"class_list":["post-1263","post","type-post","status-publish","format-standard","has-post-thumbnail","hentry","category-programm","category-spielfilm"],"_links":{"self":[{"href":"https:\/\/kurdischesfilmfestival.com\/index.php\/wp-json\/wp\/v2\/posts\/1263","targetHints":{"allow":["GET"]}}],"collection":[{"href":"https:\/\/kurdischesfilmfestival.com\/index.php\/wp-json\/wp\/v2\/posts"}],"about":[{"href":"https:\/\/kurdischesfilmfestival.com\/index.php\/wp-json\/wp\/v2\/types\/post"}],"author":[{"embeddable":true,"href":"https:\/\/kurdischesfilmfestival.com\/index.php\/wp-json\/wp\/v2\/users\/1"}],"replies":[{"embeddable":true,"href":"https:\/\/kurdischesfilmfestival.com\/index.php\/wp-json\/wp\/v2\/comments?post=1263"}],"version-history":[{"count":2,"href":"https:\/\/kurdischesfilmfestival.com\/index.php\/wp-json\/wp\/v2\/posts\/1263\/revisions"}],"predecessor-version":[{"id":1363,"href":"https:\/\/kurdischesfilmfestival.com\/index.php\/wp-json\/wp\/v2\/posts\/1263\/revisions\/1363"}],"wp:featuredmedia":[{"embeddable":true,"href":"https:\/\/kurdischesfilmfestival.com\/index.php\/wp-json\/wp\/v2\/media\/1096"}],"wp:attachment":[{"href":"https:\/\/kurdischesfilmfestival.com\/index.php\/wp-json\/wp\/v2\/media?parent=1263"}],"wp:term":[{"taxonomy":"category","embeddable":true,"href":"https:\/\/kurdischesfilmfestival.com\/index.php\/wp-json\/wp\/v2\/categories?post=1263"},{"taxonomy":"post_tag","embeddable":true,"href":"https:\/\/kurdischesfilmfestival.com\/index.php\/wp-json\/wp\/v2\/tags?post=1263"}],"curies":[{"name":"wp","href":"https:\/\/api.w.org\/{rel}","templated":true}]}}