{"id":1280,"date":"2025-10-22T08:34:20","date_gmt":"2025-10-22T06:34:20","guid":{"rendered":"https:\/\/kurdischesfilmfestival.com\/?p=1280"},"modified":"2025-10-22T08:34:20","modified_gmt":"2025-10-22T06:34:20","slug":"lesung-und-diskussion-mit-burhan-soenmez","status":"publish","type":"post","link":"https:\/\/kurdischesfilmfestival.com\/index.php\/2025\/10\/22\/lesung-und-diskussion-mit-burhan-soenmez\/","title":{"rendered":"Lesung und Diskussion mit Burhan S\u00f6nmez"},"content":{"rendered":"<p><span style=\"font-weight: 400;\">Titel: \u201eLiteratur, Freiheit und die Rolle der SchriftstellerInnen f\u00fcr eine demokratische Gesellschaft!\u201c<\/span><\/p>\n<p><span style=\"font-weight: 400;\">Burhan S\u00f6nmez, bekannt f\u00fcr Werke wie \u201eLabyrinth und Istanbul, Istanbul\u201c, verbindet poetische Sprache mit gesellschaftspolitischen Themen.<\/span><\/p>\n<p><span style=\"font-weight: 400;\">In seinem literarischen Schaffen untersucht und verkn\u00fcpft S\u00f6nmez Themen wie Erinnerung, Identit\u00e4t, Freiheit und Widerstand \u2013 Erfahrungen, die er als kurdischer Schriftsteller und Menschenrechtsanwalt erlebt hat.<\/span><\/p>\n<p><span style=\"font-weight: 400;\">Im Rahmen der Veranstaltung liest S\u00f6nmez aus seinem kurdischen Werk \u201eDie Liebhaber des Franz K.\u201c. Im Anschluss an die Lesung findet eine Diskussion \u00fcber aktuelle politische Entwicklungen und die Rolle von Literatur und Sprache in Zeiten von Konflikten und Ver\u00e4nderungen statt.<\/span><\/p>\n<p><span style=\"font-weight: 400;\">Die Lesung findet auf Kurdisch statt.<\/span><\/p>\n","protected":false},"excerpt":{"rendered":"<p>Titel: \u201eLiteratur, Freiheit und die Rolle der SchriftstellerInnen f\u00fcr eine demokratische Gesellschaft!\u201c Burhan S\u00f6nmez, bekannt f\u00fcr Werke wie \u201eLabyrinth und Istanbul, Istanbul\u201c, verbindet poetische Sprache mit gesellschaftspolitischen Themen. In seinem literarischen Schaffen untersucht und verkn\u00fcpft S\u00f6nmez Themen wie Erinnerung, Identit\u00e4t, Freiheit und Widerstand \u2013 Erfahrungen, die er als kurdischer Schriftsteller und Menschenrechtsanwalt erlebt hat. Im [&hellip;]<\/p>\n","protected":false},"author":1,"featured_media":1078,"comment_status":"open","ping_status":"open","sticky":false,"template":"","format":"standard","meta":{"_et_pb_use_builder":"","_et_pb_old_content":"","_et_gb_content_width":"","footnotes":""},"categories":[13,33],"tags":[],"class_list":["post-1280","post","type-post","status-publish","format-standard","has-post-thumbnail","hentry","category-programm","category-rahmenprogramm"],"_links":{"self":[{"href":"https:\/\/kurdischesfilmfestival.com\/index.php\/wp-json\/wp\/v2\/posts\/1280","targetHints":{"allow":["GET"]}}],"collection":[{"href":"https:\/\/kurdischesfilmfestival.com\/index.php\/wp-json\/wp\/v2\/posts"}],"about":[{"href":"https:\/\/kurdischesfilmfestival.com\/index.php\/wp-json\/wp\/v2\/types\/post"}],"author":[{"embeddable":true,"href":"https:\/\/kurdischesfilmfestival.com\/index.php\/wp-json\/wp\/v2\/users\/1"}],"replies":[{"embeddable":true,"href":"https:\/\/kurdischesfilmfestival.com\/index.php\/wp-json\/wp\/v2\/comments?post=1280"}],"version-history":[{"count":1,"href":"https:\/\/kurdischesfilmfestival.com\/index.php\/wp-json\/wp\/v2\/posts\/1280\/revisions"}],"predecessor-version":[{"id":1281,"href":"https:\/\/kurdischesfilmfestival.com\/index.php\/wp-json\/wp\/v2\/posts\/1280\/revisions\/1281"}],"wp:featuredmedia":[{"embeddable":true,"href":"https:\/\/kurdischesfilmfestival.com\/index.php\/wp-json\/wp\/v2\/media\/1078"}],"wp:attachment":[{"href":"https:\/\/kurdischesfilmfestival.com\/index.php\/wp-json\/wp\/v2\/media?parent=1280"}],"wp:term":[{"taxonomy":"category","embeddable":true,"href":"https:\/\/kurdischesfilmfestival.com\/index.php\/wp-json\/wp\/v2\/categories?post=1280"},{"taxonomy":"post_tag","embeddable":true,"href":"https:\/\/kurdischesfilmfestival.com\/index.php\/wp-json\/wp\/v2\/tags?post=1280"}],"curies":[{"name":"wp","href":"https:\/\/api.w.org\/{rel}","templated":true}]}}