{"id":137,"date":"2023-10-05T00:24:14","date_gmt":"2023-10-04T22:24:14","guid":{"rendered":"https:\/\/kurdischesfilmfestival.com\/?p=137"},"modified":"2025-10-18T16:00:01","modified_gmt":"2025-10-18T14:00:01","slug":"yar","status":"publish","type":"post","link":"https:\/\/kurdischesfilmfestival.com\/index.php\/2023\/10\/05\/yar\/","title":{"rendered":"YAR"},"content":{"rendered":"<p><span style=\"font-weight: 400;\">In Rojhelat und Bakur lebt eine Gruppe von Menschen, die ihre eigene Religion haben und ihre Gebete und Gottesanbetung mit Hilfe der Tanbur durchf\u00fchren. Ein altes Musikinstrument, das nach einem besonderen Ritual hergestellt wird. Yar spricht \u00fcber den Prozess der Herstellung des Tanbur und wie es f\u00fcr religi\u00f6se Rituale der Yarsans verwendet wird.<\/span><\/p>\n<p><b>von Aram Hasan | 2020 | 22 Minuten | kurdisch | Original mit engl. Untertiteln<\/b><\/p>\n","protected":false},"excerpt":{"rendered":"<p>In Rojhelat und Bakur lebt eine Gruppe von Menschen, die ihre eigene Religion haben und ihre Gebete und Gottesanbetung mit Hilfe der Tanbur durchf\u00fchren. Ein altes Musikinstrument, das nach einem besonderen Ritual hergestellt wird. Yar spricht \u00fcber den Prozess der Herstellung des Tanbur und wie es f\u00fcr religi\u00f6se Rituale der Yarsans verwendet wird. von Aram [&hellip;]<\/p>\n","protected":false},"author":1,"featured_media":409,"comment_status":"open","ping_status":"open","sticky":false,"template":"","format":"standard","meta":{"_et_pb_use_builder":"","_et_pb_old_content":"","_et_gb_content_width":"","footnotes":""},"categories":[37],"tags":[],"class_list":["post-137","post","type-post","status-publish","format-standard","has-post-thumbnail","hentry","category-programm-2023"],"_links":{"self":[{"href":"https:\/\/kurdischesfilmfestival.com\/index.php\/wp-json\/wp\/v2\/posts\/137","targetHints":{"allow":["GET"]}}],"collection":[{"href":"https:\/\/kurdischesfilmfestival.com\/index.php\/wp-json\/wp\/v2\/posts"}],"about":[{"href":"https:\/\/kurdischesfilmfestival.com\/index.php\/wp-json\/wp\/v2\/types\/post"}],"author":[{"embeddable":true,"href":"https:\/\/kurdischesfilmfestival.com\/index.php\/wp-json\/wp\/v2\/users\/1"}],"replies":[{"embeddable":true,"href":"https:\/\/kurdischesfilmfestival.com\/index.php\/wp-json\/wp\/v2\/comments?post=137"}],"version-history":[{"count":1,"href":"https:\/\/kurdischesfilmfestival.com\/index.php\/wp-json\/wp\/v2\/posts\/137\/revisions"}],"predecessor-version":[{"id":139,"href":"https:\/\/kurdischesfilmfestival.com\/index.php\/wp-json\/wp\/v2\/posts\/137\/revisions\/139"}],"wp:featuredmedia":[{"embeddable":true,"href":"https:\/\/kurdischesfilmfestival.com\/index.php\/wp-json\/wp\/v2\/media\/409"}],"wp:attachment":[{"href":"https:\/\/kurdischesfilmfestival.com\/index.php\/wp-json\/wp\/v2\/media?parent=137"}],"wp:term":[{"taxonomy":"category","embeddable":true,"href":"https:\/\/kurdischesfilmfestival.com\/index.php\/wp-json\/wp\/v2\/categories?post=137"},{"taxonomy":"post_tag","embeddable":true,"href":"https:\/\/kurdischesfilmfestival.com\/index.php\/wp-json\/wp\/v2\/tags?post=137"}],"curies":[{"name":"wp","href":"https:\/\/api.w.org\/{rel}","templated":true}]}}