{"id":568,"date":"2024-05-12T12:37:54","date_gmt":"2024-05-12T10:37:54","guid":{"rendered":"https:\/\/kurdischesfilmfestival.com\/?p=568"},"modified":"2025-10-18T15:45:16","modified_gmt":"2025-10-18T13:45:16","slug":"skala","status":"publish","type":"post","link":"https:\/\/kurdischesfilmfestival.com\/index.php\/2024\/05\/12\/skala\/","title":{"rendered":"Skala"},"content":{"rendered":"<p><strong>Kurzfilmprogramm II<\/strong><\/p>\n<p><strong>Skala | von Kae Bahar | 15:00 min | am Samstag, 25.05.2024 um 15:00 Uhr | im Filmhaus<\/strong><\/p>\n<p>In einer traditionellen Umgebung steckt eine Junge frau in einer Zwangsehe fest. Doch sie weigert sich, ihr Leben einfach hinzunehmen. Mutig k\u00e4mpft sie gegen die Fesseln der Tradition und versucht, ihre Freiheit zur\u00fcckzugewinnen. Auf ihrem Weg entdeckt sie nicht nur ihre eigene St\u00e4rke, sondern auch die wahren Werte von Liebe und Freiheit.<\/p>\n","protected":false},"excerpt":{"rendered":"<p>Kurzfilmprogramm II Skala | von Kae Bahar | 15:00 min | am Samstag, 25.05.2024 um 15:00 Uhr | im Filmhaus In einer traditionellen Umgebung steckt eine Junge frau in einer Zwangsehe fest. Doch sie weigert sich, ihr Leben einfach hinzunehmen. Mutig k\u00e4mpft sie gegen die Fesseln der Tradition und versucht, ihre Freiheit zur\u00fcckzugewinnen. Auf ihrem [&hellip;]<\/p>\n","protected":false},"author":1,"featured_media":658,"comment_status":"open","ping_status":"open","sticky":false,"template":"","format":"standard","meta":{"_et_pb_use_builder":"","_et_pb_old_content":"","_et_gb_content_width":"","footnotes":""},"categories":[26],"tags":[],"class_list":["post-568","post","type-post","status-publish","format-standard","has-post-thumbnail","hentry","category-programm-2024"],"_links":{"self":[{"href":"https:\/\/kurdischesfilmfestival.com\/index.php\/wp-json\/wp\/v2\/posts\/568","targetHints":{"allow":["GET"]}}],"collection":[{"href":"https:\/\/kurdischesfilmfestival.com\/index.php\/wp-json\/wp\/v2\/posts"}],"about":[{"href":"https:\/\/kurdischesfilmfestival.com\/index.php\/wp-json\/wp\/v2\/types\/post"}],"author":[{"embeddable":true,"href":"https:\/\/kurdischesfilmfestival.com\/index.php\/wp-json\/wp\/v2\/users\/1"}],"replies":[{"embeddable":true,"href":"https:\/\/kurdischesfilmfestival.com\/index.php\/wp-json\/wp\/v2\/comments?post=568"}],"version-history":[{"count":6,"href":"https:\/\/kurdischesfilmfestival.com\/index.php\/wp-json\/wp\/v2\/posts\/568\/revisions"}],"predecessor-version":[{"id":982,"href":"https:\/\/kurdischesfilmfestival.com\/index.php\/wp-json\/wp\/v2\/posts\/568\/revisions\/982"}],"wp:featuredmedia":[{"embeddable":true,"href":"https:\/\/kurdischesfilmfestival.com\/index.php\/wp-json\/wp\/v2\/media\/658"}],"wp:attachment":[{"href":"https:\/\/kurdischesfilmfestival.com\/index.php\/wp-json\/wp\/v2\/media?parent=568"}],"wp:term":[{"taxonomy":"category","embeddable":true,"href":"https:\/\/kurdischesfilmfestival.com\/index.php\/wp-json\/wp\/v2\/categories?post=568"},{"taxonomy":"post_tag","embeddable":true,"href":"https:\/\/kurdischesfilmfestival.com\/index.php\/wp-json\/wp\/v2\/tags?post=568"}],"curies":[{"name":"wp","href":"https:\/\/api.w.org\/{rel}","templated":true}]}}