{"id":573,"date":"2024-05-12T12:43:24","date_gmt":"2024-05-12T10:43:24","guid":{"rendered":"https:\/\/kurdischesfilmfestival.com\/?p=573"},"modified":"2025-10-18T15:45:07","modified_gmt":"2025-10-18T13:45:07","slug":"im-toten-winkel","status":"publish","type":"post","link":"https:\/\/kurdischesfilmfestival.com\/index.php\/2024\/05\/12\/im-toten-winkel\/","title":{"rendered":"Im toten Winkel"},"content":{"rendered":"<p><strong>Im toten Winkel | von Ay\u015fe Polat | 118 min | am Freitag, 24.05.2024 um 20:00 Uhr | im Filmhaus<\/strong><\/p>\n<p>Ein deutsches Dokumentarfilmprojekt im Nordosten der T\u00fcrkei. Simone ist am Schicksal Hatices interessiert, deren Sohn vor einem Vierteljahrhundert entf\u00fchrt wurde. Erz\u00e4hlen gegen das Vergessen, Rituale gegen das Verschwinden. Das Leben der Kurden \u2013 im toten Winkel \u2013 ist von Gewalt und vom Widerstand gegen ein Dasein in Ungewissheit gepr\u00e4gt. Sonderbare Zwischenf\u00e4lle \u00fcberschatten schon bald auch die Dreharbeiten: An der Seite von Dolmetscherin Leyla und direkt vor dem Kameraobjektiv taucht die kleine Nachbarstochter Melek auf, mit ihrem h\u00fcbschen lila Kleid und einem Mystery-Blick, der einem durch Mark und Bein geht. Was nun einsetzt, ist ein kalt-brutaler, subtil gerahmter Politthriller in drei Kapiteln und mit einer multiperspektivisch erz\u00e4hlten Story. Denn ins Visier dieses klug verschachtelten filmischen Vexierbilds treten nicht nur die Strategien finsterer Organisationen und die Logik der Paranoia, sondern das Sehen selbst in all seinen Dimensionen, vom Observieren bis zur Prophezeiung. Der blinde Fleck hei\u00dft Trauma, transgenerational. Die deutsch-kurdische Regisseurin, Drehbuchautorin und Produzentin Ay\u015fe Polat inszeniert ihn in Perfektion.<\/p>\n","protected":false},"excerpt":{"rendered":"<p>Im toten Winkel | von Ay\u015fe Polat | 118 min | am Freitag, 24.05.2024 um 20:00 Uhr | im Filmhaus Ein deutsches Dokumentarfilmprojekt im Nordosten der T\u00fcrkei. Simone ist am Schicksal Hatices interessiert, deren Sohn vor einem Vierteljahrhundert entf\u00fchrt wurde. Erz\u00e4hlen gegen das Vergessen, Rituale gegen das Verschwinden. Das Leben der Kurden \u2013 im toten [&hellip;]<\/p>\n","protected":false},"author":1,"featured_media":613,"comment_status":"open","ping_status":"open","sticky":false,"template":"","format":"standard","meta":{"_et_pb_use_builder":"","_et_pb_old_content":"","_et_gb_content_width":"","footnotes":""},"categories":[26],"tags":[],"class_list":["post-573","post","type-post","status-publish","format-standard","has-post-thumbnail","hentry","category-programm-2024"],"_links":{"self":[{"href":"https:\/\/kurdischesfilmfestival.com\/index.php\/wp-json\/wp\/v2\/posts\/573","targetHints":{"allow":["GET"]}}],"collection":[{"href":"https:\/\/kurdischesfilmfestival.com\/index.php\/wp-json\/wp\/v2\/posts"}],"about":[{"href":"https:\/\/kurdischesfilmfestival.com\/index.php\/wp-json\/wp\/v2\/types\/post"}],"author":[{"embeddable":true,"href":"https:\/\/kurdischesfilmfestival.com\/index.php\/wp-json\/wp\/v2\/users\/1"}],"replies":[{"embeddable":true,"href":"https:\/\/kurdischesfilmfestival.com\/index.php\/wp-json\/wp\/v2\/comments?post=573"}],"version-history":[{"count":4,"href":"https:\/\/kurdischesfilmfestival.com\/index.php\/wp-json\/wp\/v2\/posts\/573\/revisions"}],"predecessor-version":[{"id":831,"href":"https:\/\/kurdischesfilmfestival.com\/index.php\/wp-json\/wp\/v2\/posts\/573\/revisions\/831"}],"wp:featuredmedia":[{"embeddable":true,"href":"https:\/\/kurdischesfilmfestival.com\/index.php\/wp-json\/wp\/v2\/media\/613"}],"wp:attachment":[{"href":"https:\/\/kurdischesfilmfestival.com\/index.php\/wp-json\/wp\/v2\/media?parent=573"}],"wp:term":[{"taxonomy":"category","embeddable":true,"href":"https:\/\/kurdischesfilmfestival.com\/index.php\/wp-json\/wp\/v2\/categories?post=573"},{"taxonomy":"post_tag","embeddable":true,"href":"https:\/\/kurdischesfilmfestival.com\/index.php\/wp-json\/wp\/v2\/tags?post=573"}],"curies":[{"name":"wp","href":"https:\/\/api.w.org\/{rel}","templated":true}]}}