{"id":588,"date":"2024-05-12T13:18:48","date_gmt":"2024-05-12T11:18:48","guid":{"rendered":"https:\/\/kurdischesfilmfestival.com\/?p=588"},"modified":"2025-10-18T15:44:43","modified_gmt":"2025-10-18T13:44:43","slug":"zaam","status":"publish","type":"post","link":"https:\/\/kurdischesfilmfestival.com\/index.php\/2024\/05\/12\/zaam\/","title":{"rendered":"Zaam"},"content":{"rendered":"<p><strong>Kurzfilmprogramm I<\/strong><\/p>\n<p><strong>Zaam | von Siavash Vaziri | 20 min | am Freitag, 24.05.2024 um 16:00 Uhr | im Filmhaus<\/strong><\/p>\n<p>Shoresh f\u00fchrt die Familie in Abwesenheit seines verstorbenen Vaters und seines \u00e4lteren, geisteskranken Bruders. Trotz des Dr\u00e4ngens seiner j\u00fcngeren Schwestern, den kranken Bruder in einer Nervenheilanstalt unterzubringen, beschlie\u00dft er, seinen Bruder mit nach Hause zu nehmen, was wiederum den Plan der j\u00fcngeren Schwestern ins Wanken bringt, doch die Dinge laufen nicht wie geplant.<\/p>\n","protected":false},"excerpt":{"rendered":"<p>Kurzfilmprogramm I Zaam | von Siavash Vaziri | 20 min | am Freitag, 24.05.2024 um 16:00 Uhr | im Filmhaus Shoresh f\u00fchrt die Familie in Abwesenheit seines verstorbenen Vaters und seines \u00e4lteren, geisteskranken Bruders. Trotz des Dr\u00e4ngens seiner j\u00fcngeren Schwestern, den kranken Bruder in einer Nervenheilanstalt unterzubringen, beschlie\u00dft er, seinen Bruder mit nach Hause zu [&hellip;]<\/p>\n","protected":false},"author":1,"featured_media":655,"comment_status":"open","ping_status":"open","sticky":false,"template":"","format":"standard","meta":{"_et_pb_use_builder":"","_et_pb_old_content":"","_et_gb_content_width":"","footnotes":""},"categories":[26],"tags":[],"class_list":["post-588","post","type-post","status-publish","format-standard","has-post-thumbnail","hentry","category-programm-2024"],"_links":{"self":[{"href":"https:\/\/kurdischesfilmfestival.com\/index.php\/wp-json\/wp\/v2\/posts\/588","targetHints":{"allow":["GET"]}}],"collection":[{"href":"https:\/\/kurdischesfilmfestival.com\/index.php\/wp-json\/wp\/v2\/posts"}],"about":[{"href":"https:\/\/kurdischesfilmfestival.com\/index.php\/wp-json\/wp\/v2\/types\/post"}],"author":[{"embeddable":true,"href":"https:\/\/kurdischesfilmfestival.com\/index.php\/wp-json\/wp\/v2\/users\/1"}],"replies":[{"embeddable":true,"href":"https:\/\/kurdischesfilmfestival.com\/index.php\/wp-json\/wp\/v2\/comments?post=588"}],"version-history":[{"count":10,"href":"https:\/\/kurdischesfilmfestival.com\/index.php\/wp-json\/wp\/v2\/posts\/588\/revisions"}],"predecessor-version":[{"id":985,"href":"https:\/\/kurdischesfilmfestival.com\/index.php\/wp-json\/wp\/v2\/posts\/588\/revisions\/985"}],"wp:featuredmedia":[{"embeddable":true,"href":"https:\/\/kurdischesfilmfestival.com\/index.php\/wp-json\/wp\/v2\/media\/655"}],"wp:attachment":[{"href":"https:\/\/kurdischesfilmfestival.com\/index.php\/wp-json\/wp\/v2\/media?parent=588"}],"wp:term":[{"taxonomy":"category","embeddable":true,"href":"https:\/\/kurdischesfilmfestival.com\/index.php\/wp-json\/wp\/v2\/categories?post=588"},{"taxonomy":"post_tag","embeddable":true,"href":"https:\/\/kurdischesfilmfestival.com\/index.php\/wp-json\/wp\/v2\/tags?post=588"}],"curies":[{"name":"wp","href":"https:\/\/api.w.org\/{rel}","templated":true}]}}