{"id":639,"date":"2024-05-12T14:57:30","date_gmt":"2024-05-12T12:57:30","guid":{"rendered":"https:\/\/kurdischesfilmfestival.com\/?p=639"},"modified":"2025-10-18T15:44:21","modified_gmt":"2025-10-18T13:44:21","slug":"639","status":"publish","type":"post","link":"https:\/\/kurdischesfilmfestival.com\/index.php\/2024\/05\/12\/639\/","title":{"rendered":"Haus ohne Dach"},"content":{"rendered":"<p><strong>Haus ohne Dach | von Soleen Yusef | 124 min | am Samstag, 25.05.2024 um 20:00 Uhr | Q&amp;A mit Soleen Yusef | im Filmhaus<\/strong><\/p>\n<p>Haus Ohne Dach erz\u00e4hlt die Reise der drei Geschwister ALAN, JAN und LIYA, die in der kurdischen Region des Iraks geboren und in Deutschland aufgewachsen sind. Die Drei wollen den letzten Wunsch ihrer Mutter erf\u00fcllen und sie neben dem im Krieg verstorbenen Vater in ihrem Heimatdorf beerdigen. Auf der nervenaufreibenden Kurdistan-Odyssee werden sie aber nicht nur mit ihrer kurdischen Gro\u00dffamilie konfrontiert, die den letzten Wunsch der Mutter nicht akzeptiert, sondern vor allem mit sich selbst. Sie haben sich in den letzten Jahren sehr voneinander distanziert, jeder lebt sein eigenes Leben, und wenn dann mal Gespr\u00e4che stattfinden, bestehen diese meist nur aus gegenseitigen Vorw\u00fcrfen. Parallel wird im Verlauf ihrer Reise sp\u00fcrbar, dass sich in ihrem Heimatland ein f\u00fcrchterlicher Konflikt anbahnt, dessen Ausma\u00df zun\u00e4chst niemand erahnen kann.<\/p>\n","protected":false},"excerpt":{"rendered":"<p>Haus ohne Dach | von Soleen Yusef | 124 min | am Samstag, 25.05.2024 um 20:00 Uhr | Q&amp;A mit Soleen Yusef | im Filmhaus Haus Ohne Dach erz\u00e4hlt die Reise der drei Geschwister ALAN, JAN und LIYA, die in der kurdischen Region des Iraks geboren und in Deutschland aufgewachsen sind. Die Drei wollen den [&hellip;]<\/p>\n","protected":false},"author":1,"featured_media":623,"comment_status":"open","ping_status":"open","sticky":false,"template":"","format":"standard","meta":{"_et_pb_use_builder":"off","_et_pb_old_content":"","_et_gb_content_width":"","footnotes":""},"categories":[26],"tags":[],"class_list":["post-639","post","type-post","status-publish","format-standard","has-post-thumbnail","hentry","category-programm-2024"],"_links":{"self":[{"href":"https:\/\/kurdischesfilmfestival.com\/index.php\/wp-json\/wp\/v2\/posts\/639","targetHints":{"allow":["GET"]}}],"collection":[{"href":"https:\/\/kurdischesfilmfestival.com\/index.php\/wp-json\/wp\/v2\/posts"}],"about":[{"href":"https:\/\/kurdischesfilmfestival.com\/index.php\/wp-json\/wp\/v2\/types\/post"}],"author":[{"embeddable":true,"href":"https:\/\/kurdischesfilmfestival.com\/index.php\/wp-json\/wp\/v2\/users\/1"}],"replies":[{"embeddable":true,"href":"https:\/\/kurdischesfilmfestival.com\/index.php\/wp-json\/wp\/v2\/comments?post=639"}],"version-history":[{"count":6,"href":"https:\/\/kurdischesfilmfestival.com\/index.php\/wp-json\/wp\/v2\/posts\/639\/revisions"}],"predecessor-version":[{"id":834,"href":"https:\/\/kurdischesfilmfestival.com\/index.php\/wp-json\/wp\/v2\/posts\/639\/revisions\/834"}],"wp:featuredmedia":[{"embeddable":true,"href":"https:\/\/kurdischesfilmfestival.com\/index.php\/wp-json\/wp\/v2\/media\/623"}],"wp:attachment":[{"href":"https:\/\/kurdischesfilmfestival.com\/index.php\/wp-json\/wp\/v2\/media?parent=639"}],"wp:term":[{"taxonomy":"category","embeddable":true,"href":"https:\/\/kurdischesfilmfestival.com\/index.php\/wp-json\/wp\/v2\/categories?post=639"},{"taxonomy":"post_tag","embeddable":true,"href":"https:\/\/kurdischesfilmfestival.com\/index.php\/wp-json\/wp\/v2\/tags?post=639"}],"curies":[{"name":"wp","href":"https:\/\/api.w.org\/{rel}","templated":true}]}}