{"id":645,"date":"2024-05-12T15:05:51","date_gmt":"2024-05-12T13:05:51","guid":{"rendered":"https:\/\/kurdischesfilmfestival.com\/?p=645"},"modified":"2025-10-18T15:44:13","modified_gmt":"2025-10-18T13:44:13","slug":"bekar-evi-das-junggesellenhaus","status":"publish","type":"post","link":"https:\/\/kurdischesfilmfestival.com\/index.php\/2024\/05\/12\/bekar-evi-das-junggesellenhaus\/","title":{"rendered":"Bekar Evi &#8211; Das Junggesellenhaus"},"content":{"rendered":"<p><strong>Bekar Evi | von Dirk Sch\u00e4fer | 76 min | am Sonntag, 26.05.2024 um 17:30 Uhr | Q&amp;A mit Dirk Sch\u00e4fer | im Filmhaus<\/strong><\/p>\n<p>Sieben kurdische Bauarbeiter und Stra\u00dfenh\u00e4ndler bewohnen in Istanbul gemeinsam ein sogenanntes Bekar Evi \u2013 ein JUNGGESELLENHAUS. Kurz bevor die M\u00e4nner zum Opferfest in ihre D\u00f6rfer zur\u00fcckkehren, wird ihr Alltag von einem ungew\u00f6hnlichen Gast durchkreuzt: einer schneewei\u00dfen Katze mit verschiedenfarbigen Augen, wie sie nur in der ostanatolischen Provinz Van vorkommt. Einer der M\u00e4nner, dessen Eltern ihn zwangsweise verheiraten wollen, hat sie sich aus der Heimat beschafft \u2013 als Geschenk f\u00fcr seine Geliebte in Istanbul.<\/p>\n<p>Die Docufiction gibt Einblicke in eine Gemeinschaft von M\u00e4nnern, die aufgrund ihrer Herkunft wenig Aussicht auf ein selbstbestimmtes Leben haben. Doch mit k\u00f6rperlicher Vitalit\u00e4t und Humor meistern sie ihr Schicksal.<\/p>\n","protected":false},"excerpt":{"rendered":"<p>Bekar Evi | von Dirk Sch\u00e4fer | 76 min | am Sonntag, 26.05.2024 um 17:30 Uhr | Q&amp;A mit Dirk Sch\u00e4fer | im Filmhaus Sieben kurdische Bauarbeiter und Stra\u00dfenh\u00e4ndler bewohnen in Istanbul gemeinsam ein sogenanntes Bekar Evi \u2013 ein JUNGGESELLENHAUS. Kurz bevor die M\u00e4nner zum Opferfest in ihre D\u00f6rfer zur\u00fcckkehren, wird ihr Alltag von einem [&hellip;]<\/p>\n","protected":false},"author":1,"featured_media":615,"comment_status":"open","ping_status":"open","sticky":false,"template":"","format":"standard","meta":{"_et_pb_use_builder":"","_et_pb_old_content":"","_et_gb_content_width":"","footnotes":""},"categories":[26],"tags":[],"class_list":["post-645","post","type-post","status-publish","format-standard","has-post-thumbnail","hentry","category-programm-2024"],"_links":{"self":[{"href":"https:\/\/kurdischesfilmfestival.com\/index.php\/wp-json\/wp\/v2\/posts\/645","targetHints":{"allow":["GET"]}}],"collection":[{"href":"https:\/\/kurdischesfilmfestival.com\/index.php\/wp-json\/wp\/v2\/posts"}],"about":[{"href":"https:\/\/kurdischesfilmfestival.com\/index.php\/wp-json\/wp\/v2\/types\/post"}],"author":[{"embeddable":true,"href":"https:\/\/kurdischesfilmfestival.com\/index.php\/wp-json\/wp\/v2\/users\/1"}],"replies":[{"embeddable":true,"href":"https:\/\/kurdischesfilmfestival.com\/index.php\/wp-json\/wp\/v2\/comments?post=645"}],"version-history":[{"count":3,"href":"https:\/\/kurdischesfilmfestival.com\/index.php\/wp-json\/wp\/v2\/posts\/645\/revisions"}],"predecessor-version":[{"id":835,"href":"https:\/\/kurdischesfilmfestival.com\/index.php\/wp-json\/wp\/v2\/posts\/645\/revisions\/835"}],"wp:featuredmedia":[{"embeddable":true,"href":"https:\/\/kurdischesfilmfestival.com\/index.php\/wp-json\/wp\/v2\/media\/615"}],"wp:attachment":[{"href":"https:\/\/kurdischesfilmfestival.com\/index.php\/wp-json\/wp\/v2\/media?parent=645"}],"wp:term":[{"taxonomy":"category","embeddable":true,"href":"https:\/\/kurdischesfilmfestival.com\/index.php\/wp-json\/wp\/v2\/categories?post=645"},{"taxonomy":"post_tag","embeddable":true,"href":"https:\/\/kurdischesfilmfestival.com\/index.php\/wp-json\/wp\/v2\/tags?post=645"}],"curies":[{"name":"wp","href":"https:\/\/api.w.org\/{rel}","templated":true}]}}