{"id":70,"date":"2023-10-04T23:41:52","date_gmt":"2023-10-04T21:41:52","guid":{"rendered":"https:\/\/kurdischesfilmfestival.com\/?p=70"},"modified":"2024-05-12T12:58:23","modified_gmt":"2024-05-12T10:58:23","slug":"aysha","status":"publish","type":"post","link":"https:\/\/kurdischesfilmfestival.com\/index.php\/2023\/10\/04\/aysha\/","title":{"rendered":"Aysha"},"content":{"rendered":"<p><span style=\"font-weight: 400;\">Unter einem Vollschleier versteckt eine Mutter ihren Sohn, der lieber k\u00e4mpfen w\u00fcrde, als sich so vor den Besetzern zu verstecken. <\/span><\/p>\n<p><b>von <\/b><b>Cengiz Akayg\u00fcn<\/b><b> | 2021 | 12 Minuten | kurdisch, arabisch<\/b><\/p>\n","protected":false},"excerpt":{"rendered":"<p>Unter einem Vollschleier versteckt eine Mutter ihren Sohn, der lieber k\u00e4mpfen w\u00fcrde, als sich so vor den Besetzern zu verstecken. von Cengiz Akayg\u00fcn | 2021 | 12 Minuten | kurdisch, arabisch<\/p>\n","protected":false},"author":1,"featured_media":461,"comment_status":"open","ping_status":"open","sticky":false,"template":"","format":"standard","meta":{"_et_pb_use_builder":"","_et_pb_old_content":"","_et_gb_content_width":"","footnotes":""},"categories":[28,13],"tags":[],"class_list":["post-70","post","type-post","status-publish","format-standard","has-post-thumbnail","hentry","category-kurzfilm-2023","category-programm"],"_links":{"self":[{"href":"https:\/\/kurdischesfilmfestival.com\/index.php\/wp-json\/wp\/v2\/posts\/70","targetHints":{"allow":["GET"]}}],"collection":[{"href":"https:\/\/kurdischesfilmfestival.com\/index.php\/wp-json\/wp\/v2\/posts"}],"about":[{"href":"https:\/\/kurdischesfilmfestival.com\/index.php\/wp-json\/wp\/v2\/types\/post"}],"author":[{"embeddable":true,"href":"https:\/\/kurdischesfilmfestival.com\/index.php\/wp-json\/wp\/v2\/users\/1"}],"replies":[{"embeddable":true,"href":"https:\/\/kurdischesfilmfestival.com\/index.php\/wp-json\/wp\/v2\/comments?post=70"}],"version-history":[{"count":1,"href":"https:\/\/kurdischesfilmfestival.com\/index.php\/wp-json\/wp\/v2\/posts\/70\/revisions"}],"predecessor-version":[{"id":72,"href":"https:\/\/kurdischesfilmfestival.com\/index.php\/wp-json\/wp\/v2\/posts\/70\/revisions\/72"}],"wp:featuredmedia":[{"embeddable":true,"href":"https:\/\/kurdischesfilmfestival.com\/index.php\/wp-json\/wp\/v2\/media\/461"}],"wp:attachment":[{"href":"https:\/\/kurdischesfilmfestival.com\/index.php\/wp-json\/wp\/v2\/media?parent=70"}],"wp:term":[{"taxonomy":"category","embeddable":true,"href":"https:\/\/kurdischesfilmfestival.com\/index.php\/wp-json\/wp\/v2\/categories?post=70"},{"taxonomy":"post_tag","embeddable":true,"href":"https:\/\/kurdischesfilmfestival.com\/index.php\/wp-json\/wp\/v2\/tags?post=70"}],"curies":[{"name":"wp","href":"https:\/\/api.w.org\/{rel}","templated":true}]}}