{"id":73,"date":"2023-10-04T23:43:26","date_gmt":"2023-10-04T21:43:26","guid":{"rendered":"https:\/\/kurdischesfilmfestival.com\/?p=73"},"modified":"2024-05-12T12:58:17","modified_gmt":"2024-05-12T10:58:17","slug":"karnika","status":"publish","type":"post","link":"https:\/\/kurdischesfilmfestival.com\/index.php\/2023\/10\/04\/karnika\/","title":{"rendered":"Karnika"},"content":{"rendered":"<p><span style=\"font-weight: 400;\">Der alte Imker beschlie\u00dft, am Ende des Sommers in den Norden zu ziehen. Seine Frau ist an Alzheimer erkrankt. Ihre Kinder wollen sie in ein Pflegeheim schicken. Doch der alte Mann beschlie\u00dft, die Sache selbst in die Hand zu nehmen.<\/span><\/p>\n<p><b>Von Meryem Semed\u00ee | 2021 | 12 Minuten | Kurmanc\u00ee <\/b><b>\u00a0| Original mit englischen Untertiteln<\/b><\/p>\n","protected":false},"excerpt":{"rendered":"<p>Der alte Imker beschlie\u00dft, am Ende des Sommers in den Norden zu ziehen. Seine Frau ist an Alzheimer erkrankt. Ihre Kinder wollen sie in ein Pflegeheim schicken. Doch der alte Mann beschlie\u00dft, die Sache selbst in die Hand zu nehmen. Von Meryem Semed\u00ee | 2021 | 12 Minuten | Kurmanc\u00ee \u00a0| Original mit englischen Untertiteln<\/p>\n","protected":false},"author":1,"featured_media":478,"comment_status":"open","ping_status":"open","sticky":false,"template":"","format":"standard","meta":{"_et_pb_use_builder":"","_et_pb_old_content":"","_et_gb_content_width":"","footnotes":""},"categories":[28,13],"tags":[],"class_list":["post-73","post","type-post","status-publish","format-standard","has-post-thumbnail","hentry","category-kurzfilm-2023","category-programm"],"_links":{"self":[{"href":"https:\/\/kurdischesfilmfestival.com\/index.php\/wp-json\/wp\/v2\/posts\/73","targetHints":{"allow":["GET"]}}],"collection":[{"href":"https:\/\/kurdischesfilmfestival.com\/index.php\/wp-json\/wp\/v2\/posts"}],"about":[{"href":"https:\/\/kurdischesfilmfestival.com\/index.php\/wp-json\/wp\/v2\/types\/post"}],"author":[{"embeddable":true,"href":"https:\/\/kurdischesfilmfestival.com\/index.php\/wp-json\/wp\/v2\/users\/1"}],"replies":[{"embeddable":true,"href":"https:\/\/kurdischesfilmfestival.com\/index.php\/wp-json\/wp\/v2\/comments?post=73"}],"version-history":[{"count":1,"href":"https:\/\/kurdischesfilmfestival.com\/index.php\/wp-json\/wp\/v2\/posts\/73\/revisions"}],"predecessor-version":[{"id":75,"href":"https:\/\/kurdischesfilmfestival.com\/index.php\/wp-json\/wp\/v2\/posts\/73\/revisions\/75"}],"wp:featuredmedia":[{"embeddable":true,"href":"https:\/\/kurdischesfilmfestival.com\/index.php\/wp-json\/wp\/v2\/media\/478"}],"wp:attachment":[{"href":"https:\/\/kurdischesfilmfestival.com\/index.php\/wp-json\/wp\/v2\/media?parent=73"}],"wp:term":[{"taxonomy":"category","embeddable":true,"href":"https:\/\/kurdischesfilmfestival.com\/index.php\/wp-json\/wp\/v2\/categories?post=73"},{"taxonomy":"post_tag","embeddable":true,"href":"https:\/\/kurdischesfilmfestival.com\/index.php\/wp-json\/wp\/v2\/tags?post=73"}],"curies":[{"name":"wp","href":"https:\/\/api.w.org\/{rel}","templated":true}]}}